{"id":163300,"date":"2025-12-11T17:38:54","date_gmt":"2025-12-11T16:38:54","guid":{"rendered":"https:\/\/cyclingpro.net\/velopro\/uncategorized\/lidl-trek-velo-pour-la-saison-2026-presente\/"},"modified":"2025-12-11T17:38:54","modified_gmt":"2025-12-11T16:38:54","slug":"lidl-trek-velo-pour-la-saison-2026-presente","status":"publish","type":"post","link":"https:\/\/cyclingpro.net\/velopro\/autre\/lidl-trek-velo-pour-la-saison-2026-presente\/","title":{"rendered":"Lidl-Trek, v\u00e9lo pour la saison 2026 pr\u00e9sent\u00e9"},"content":{"rendered":"<p>Le<strong>Lidl-Trek se projette d\u00e9sormais vers la saison 2026. Aujourd&rsquo;hui &#8211; jeudi 11 d\u00e9cembre &#8211; l&rsquo;\u00e9quipe dirig\u00e9e par Luca Guercilena a franchi quelques \u00e9tapes importantes en vue de la nouvelle saison : <a href=\"https:\/\/cyclingpro.net\/spaziociclismo\/worldtour\/lidl-trek-svelata-la-maglia-ufficiale-della-prossima-stagione\/\" target=\"_blank\" rel=\"noopener\">apr\u00e8s la pr\u00e9sentation de la tenue de course,<\/a> le voile a ensuite \u00e9t\u00e9 lev\u00e9 sur le v\u00e9lo que les athl\u00e8tes de l&rsquo;\u00e9quipe sous licence allemande enfourcheront lors de la prochaine saison. De marque Trek, bien s\u00fbr, il s&rsquo;agit d&rsquo;une Project One Madone SLR, dont la livr\u00e9e rappelle fortement les couleurs qui caract\u00e9riseront le maillot que porteront les coureurs lors de la course.<\/p>\n<blockquote class=\"twitter-tweet\">\n<p dir=\"ltr\" lang=\"en\">Rencontre avec la <a href=\"https:\/\/twitter.com\/LidlTrek?ref_src=twsrc%5Etfw\">@lidltrek<\/a> Project One Madone SLR + kits d&rsquo;\u00e9quipe &#x1f3a8;&#038;#x2728 ;<\/p>\n<p>Le look le plus rapide du peloton professionnel peut \u00eatre le v\u00f4tre, de la peinture au kit. D\u00e9couvrez la collection en ligne. <a href=\"https:\/\/t.co\/dH7F4mrKMk\">pic.twitter.com\/dH7F4mrKMk<\/a><\/p>\n<pic.twitter.com\/dH7F4mrKMk<\/a>\n<p>&#8211; Trek Bicycle (@TrekBikes) <a href=\"https:\/\/twitter.com\/TrekBikes\/status\/1999147329652175342?ref_src=twsrc%5Etfw\">11 d\u00e9cembre 2025<\/a><\/p><\/blockquote>\n<p><script async src=\"https:\/\/platform.twitter.com\/widgets.js\" charset=\"utf-8\"><\/script><\/p>\n","protected":false},"excerpt":{"rendered":"<p>LeLidl-Trek se projette d\u00e9sormais vers la saison 2026. Aujourd&rsquo;hui &#8211; jeudi 11 d\u00e9cembre &#8211; l&rsquo;\u00e9quipe dirig\u00e9e par Luca Guercilena a franchi quelques \u00e9tapes importantes en vue de la nouvelle saison : apr\u00e8s la pr\u00e9sentation de la tenue de course, le voile a ensuite \u00e9t\u00e9 lev\u00e9 sur le v\u00e9lo que les athl\u00e8tes de l&rsquo;\u00e9quipe sous licence &hellip;<\/p>\n","protected":false},"author":20,"featured_media":163299,"comment_status":"open","ping_status":"open","sticky":false,"template":"","format":"standard","meta":{"footnotes":""},"categories":[3],"tags":[],"class_list":["post-163300","post","type-post","status-publish","format-standard","has-post-thumbnail","hentry","category-autre"],"_links":{"self":[{"href":"https:\/\/cyclingpro.net\/velopro\/wp-json\/wp\/v2\/posts\/163300","targetHints":{"allow":["GET"]}}],"collection":[{"href":"https:\/\/cyclingpro.net\/velopro\/wp-json\/wp\/v2\/posts"}],"about":[{"href":"https:\/\/cyclingpro.net\/velopro\/wp-json\/wp\/v2\/types\/post"}],"author":[{"embeddable":true,"href":"https:\/\/cyclingpro.net\/velopro\/wp-json\/wp\/v2\/users\/20"}],"replies":[{"embeddable":true,"href":"https:\/\/cyclingpro.net\/velopro\/wp-json\/wp\/v2\/comments?post=163300"}],"version-history":[{"count":0,"href":"https:\/\/cyclingpro.net\/velopro\/wp-json\/wp\/v2\/posts\/163300\/revisions"}],"wp:featuredmedia":[{"embeddable":true,"href":"https:\/\/cyclingpro.net\/velopro\/wp-json\/wp\/v2\/media\/163299"}],"wp:attachment":[{"href":"https:\/\/cyclingpro.net\/velopro\/wp-json\/wp\/v2\/media?parent=163300"}],"wp:term":[{"taxonomy":"category","embeddable":true,"href":"https:\/\/cyclingpro.net\/velopro\/wp-json\/wp\/v2\/categories?post=163300"},{"taxonomy":"post_tag","embeddable":true,"href":"https:\/\/cyclingpro.net\/velopro\/wp-json\/wp\/v2\/tags?post=163300"}],"curies":[{"name":"wp","href":"https:\/\/api.w.org\/{rel}","templated":true}]}}