{"id":163294,"date":"2025-12-11T16:22:05","date_gmt":"2025-12-11T15:22:05","guid":{"rendered":"https:\/\/cyclingpro.net\/velopro\/uncategorized\/radiocorsa-avec-paolo-savoldelli-pour-parler-du-passe-et-de-lavenir-de-la-route-et-du-cyclocross\/"},"modified":"2025-12-11T16:22:05","modified_gmt":"2025-12-11T15:22:05","slug":"radiocorsa-avec-paolo-savoldelli-pour-parler-du-passe-et-de-lavenir-de-la-route-et-du-cyclocross","status":"publish","type":"post","link":"https:\/\/cyclingpro.net\/velopro\/autre\/radiocorsa-avec-paolo-savoldelli-pour-parler-du-passe-et-de-lavenir-de-la-route-et-du-cyclocross\/","title":{"rendered":"RadioCorsa, avec Paolo Savoldelli pour parler du pass\u00e9 et de l&rsquo;avenir, de la route et du cyclocross"},"content":{"rendered":"<div>\n<p>Paolo Savoldelli aujourd&rsquo;hui sur Radiocorsa, \u00e0 20h sur Raisport. Pour parler avec lui des premi\u00e8res retraites en Espagne, de la saison 2025, de Jonathan Milan, de Giulio Pellizzari, de &lsquo;Regala un Sogno&rsquo;, l&rsquo;initiative de solidarit\u00e9 d&rsquo;Enrico Pengo, et de l&rsquo;\u00e9tape italienne de la Coupe du monde de cyclo-cross, qui s&rsquo;est d\u00e9roul\u00e9e dimanche dernier en Sardaigne. Tout cela et bien d&rsquo;autres choses encore sur le monde du cyclisme dans Radiocorsa ce soir \u00e0 20 heures sur Raisport.<\/p>\n<\/div>\n","protected":false},"excerpt":{"rendered":"<p>Paolo Savoldelli aujourd&rsquo;hui sur Radiocorsa, \u00e0 20h sur Raisport. Pour parler avec lui des premi\u00e8res retraites en Espagne, de la saison 2025, de Jonathan Milan, de Giulio Pellizzari, de &lsquo;Regala un Sogno&rsquo;, l&rsquo;initiative de solidarit\u00e9 d&rsquo;Enrico Pengo, et de l&rsquo;\u00e9tape italienne de la Coupe du monde de cyclo-cross, qui s&rsquo;est d\u00e9roul\u00e9e dimanche dernier en Sardaigne. &hellip;<\/p>\n","protected":false},"author":20,"featured_media":163293,"comment_status":"open","ping_status":"open","sticky":false,"template":"","format":"standard","meta":{"footnotes":""},"categories":[3],"tags":[],"class_list":["post-163294","post","type-post","status-publish","format-standard","has-post-thumbnail","hentry","category-autre"],"_links":{"self":[{"href":"https:\/\/cyclingpro.net\/velopro\/wp-json\/wp\/v2\/posts\/163294","targetHints":{"allow":["GET"]}}],"collection":[{"href":"https:\/\/cyclingpro.net\/velopro\/wp-json\/wp\/v2\/posts"}],"about":[{"href":"https:\/\/cyclingpro.net\/velopro\/wp-json\/wp\/v2\/types\/post"}],"author":[{"embeddable":true,"href":"https:\/\/cyclingpro.net\/velopro\/wp-json\/wp\/v2\/users\/20"}],"replies":[{"embeddable":true,"href":"https:\/\/cyclingpro.net\/velopro\/wp-json\/wp\/v2\/comments?post=163294"}],"version-history":[{"count":0,"href":"https:\/\/cyclingpro.net\/velopro\/wp-json\/wp\/v2\/posts\/163294\/revisions"}],"wp:featuredmedia":[{"embeddable":true,"href":"https:\/\/cyclingpro.net\/velopro\/wp-json\/wp\/v2\/media\/163293"}],"wp:attachment":[{"href":"https:\/\/cyclingpro.net\/velopro\/wp-json\/wp\/v2\/media?parent=163294"}],"wp:term":[{"taxonomy":"category","embeddable":true,"href":"https:\/\/cyclingpro.net\/velopro\/wp-json\/wp\/v2\/categories?post=163294"},{"taxonomy":"post_tag","embeddable":true,"href":"https:\/\/cyclingpro.net\/velopro\/wp-json\/wp\/v2\/tags?post=163294"}],"curies":[{"name":"wp","href":"https:\/\/api.w.org\/{rel}","templated":true}]}}