{"id":163284,"date":"2025-12-11T12:05:53","date_gmt":"2025-12-11T11:05:53","guid":{"rendered":"https:\/\/cyclingpro.net\/velopro\/uncategorized\/jacopo-pignatti-19-ans-est-recrute-par-padovani-polo-cherry-bank-je-me-sens-assez-mur-pour-faire-ce-pas-en-avant\/"},"modified":"2025-12-11T12:05:53","modified_gmt":"2025-12-11T11:05:53","slug":"jacopo-pignatti-19-ans-est-recrute-par-padovani-polo-cherry-bank-je-me-sens-assez-mur-pour-faire-ce-pas-en-avant","status":"publish","type":"post","link":"https:\/\/cyclingpro.net\/velopro\/autre\/jacopo-pignatti-19-ans-est-recrute-par-padovani-polo-cherry-bank-je-me-sens-assez-mur-pour-faire-ce-pas-en-avant\/","title":{"rendered":"Jacopo Pignatti, 19 ans, est recrut\u00e9 par Padovani Polo Cherry Bank : \u00ab\u00a0Je me sens assez m\u00fbr pour faire ce pas en avant\u00a0\u00bb."},"content":{"rendered":"<p>Nouvelle signature pour la <strong>Padovani Polo Cherry Bank<\/strong> en vue de la saison 2026. L&rsquo;\u00e9quipe continentale italienne a annonc\u00e9 la signature de <strong>Jacopo Pignatti<\/strong>, un Mod\u00e9nois de Beltrami TSA-La Risorsa Umana qui n&rsquo;est venu au cyclisme qu&rsquo;en 2022 apr\u00e8s un passage par le roller hockey. En tant que cycliste, le jeune homme de 19 ans a montr\u00e9 de bonnes aptitudes \u00e0 l&rsquo;escalade, ce qui lui a permis, en 2025, sa premi\u00e8re ann\u00e9e chez les moins de 23 ans, d&rsquo;obtenir la cinqui\u00e8me place dans deux courses de grimpeurs telles que la Bassano &#8211; Monte Grappa et la Schio &#8211; Pasubio, ainsi que la troisi\u00e8me place dans la Piccola Sanremo.<\/p>\n<p>\u00ab\u00a0<strong>Je suis ravi de rejoindre Padovani et d&rsquo;y arriver \u00e0 un moment o\u00f9 je me sens suffisamment m\u00fbr pour faire ce bond en avant<\/strong> &#8211; Les mots de Pignatti &#8211; Cette ann\u00e9e, j&rsquo;ai pu appr\u00e9cier de l&rsquo;ext\u00e9rieur le niveau d&rsquo;organisation de cette \u00e9quipe et j&rsquo;ai vu que, dans le groupe, elle est imm\u00e9diatement devenue un point de r\u00e9f\u00e9rence. <Au cours des premi\u00e8res r\u00e9unions, j'ai senti qu'ici on respire la passion pour le cyclisme et qu'il y a un grand professionnalisme pour pr\u00e9parer chaque d\u00e9tail de la meilleure fa\u00e7on possible<\/strong> : j&rsquo;ai h\u00e2te d&rsquo;affronter la nouvelle saison et de rendre \u00e0 toute l&rsquo;\u00e9quipe la confiance qu&rsquo;elle m&rsquo;a accord\u00e9e\u00a0\u00bb.<\/p>\n","protected":false},"excerpt":{"rendered":"<p>Nouvelle signature pour la Padovani Polo Cherry Bank en vue de la saison 2026. L&rsquo;\u00e9quipe continentale italienne a annonc\u00e9 la signature de Jacopo Pignatti, un Mod\u00e9nois de Beltrami TSA-La Risorsa Umana qui n&rsquo;est venu au cyclisme qu&rsquo;en 2022 apr\u00e8s un passage par le roller hockey. En tant que cycliste, le jeune homme de 19 ans &hellip;<\/p>\n","protected":false},"author":20,"featured_media":163283,"comment_status":"open","ping_status":"open","sticky":false,"template":"","format":"standard","meta":{"footnotes":""},"categories":[3],"tags":[],"class_list":["post-163284","post","type-post","status-publish","format-standard","has-post-thumbnail","hentry","category-autre"],"_links":{"self":[{"href":"https:\/\/cyclingpro.net\/velopro\/wp-json\/wp\/v2\/posts\/163284","targetHints":{"allow":["GET"]}}],"collection":[{"href":"https:\/\/cyclingpro.net\/velopro\/wp-json\/wp\/v2\/posts"}],"about":[{"href":"https:\/\/cyclingpro.net\/velopro\/wp-json\/wp\/v2\/types\/post"}],"author":[{"embeddable":true,"href":"https:\/\/cyclingpro.net\/velopro\/wp-json\/wp\/v2\/users\/20"}],"replies":[{"embeddable":true,"href":"https:\/\/cyclingpro.net\/velopro\/wp-json\/wp\/v2\/comments?post=163284"}],"version-history":[{"count":0,"href":"https:\/\/cyclingpro.net\/velopro\/wp-json\/wp\/v2\/posts\/163284\/revisions"}],"wp:featuredmedia":[{"embeddable":true,"href":"https:\/\/cyclingpro.net\/velopro\/wp-json\/wp\/v2\/media\/163283"}],"wp:attachment":[{"href":"https:\/\/cyclingpro.net\/velopro\/wp-json\/wp\/v2\/media?parent=163284"}],"wp:term":[{"taxonomy":"category","embeddable":true,"href":"https:\/\/cyclingpro.net\/velopro\/wp-json\/wp\/v2\/categories?post=163284"},{"taxonomy":"post_tag","embeddable":true,"href":"https:\/\/cyclingpro.net\/velopro\/wp-json\/wp\/v2\/tags?post=163284"}],"curies":[{"name":"wp","href":"https:\/\/api.w.org\/{rel}","templated":true}]}}