{"id":163205,"date":"2025-12-09T10:55:37","date_gmt":"2025-12-09T09:55:37","guid":{"rendered":"https:\/\/cyclingpro.net\/velopro\/uncategorized\/caja-rural-seguros-rga-la-preparation-de-la-saison-2026-commence-26-coureurs-en-rose-leffectif-le-plus-important-depuis-2011\/"},"modified":"2025-12-09T10:55:37","modified_gmt":"2025-12-09T09:55:37","slug":"caja-rural-seguros-rga-la-preparation-de-la-saison-2026-commence-26-coureurs-en-rose-leffectif-le-plus-important-depuis-2011","status":"publish","type":"post","link":"https:\/\/cyclingpro.net\/velopro\/autre\/caja-rural-seguros-rga-la-preparation-de-la-saison-2026-commence-26-coureurs-en-rose-leffectif-le-plus-important-depuis-2011\/","title":{"rendered":"Caja Rural &#8211; Seguros RGA, la pr\u00e9paration de la saison 2026 commence : 26 coureurs en rose, l&rsquo;effectif le plus important depuis 2011."},"content":{"rendered":"<p>La <strong>Caja Rural-Seguros RGA<\/strong> est pr\u00eate pour la saison 2026. L&rsquo;\u00e9quipe professionnelle espagnole entame son Parcours vers les courses de l&rsquo;ann\u00e9e prochaine en officialisant le line-up constitu\u00e9 ces derni\u00e8res semaines lors du <strong>CicloMercato<\/strong>. Au total, l&rsquo;\u00e9quipe compte 26 coureurs, ce qui est remarquable pour une formation de \u00ab\u00a0deuxi\u00e8me cat\u00e9gorie\u00a0\u00bb, comme le souligne l&rsquo;\u00e9quipe espagnole elle-m\u00eame, qui rappelle qu&rsquo;elle n&rsquo;a jamais eu un effectif aussi important depuis sa qualification en tant qu&rsquo;\u00e9quipe professionnelle (2011).<\/p>\n<p>Les nouveaux visages sont les n\u00e9o-professionnels <strong>Gorka Corres, Ellande Larronde, Pablo Lospitao<\/strong> et <strong>Iker Villar<\/strong>. Avec eux, des coureurs exp\u00e9riment\u00e9s comme Jos\u00e9 F\u00e9lix Parra (Kern Pharma), comme le Lombard <strong>Stefano Oldani<\/strong>, sortant de Cofidis, et comme le sprinteur colombien <strong>Fernando Gaviria<\/strong>, non confirm\u00e9 chez Movistar et \u00e0 qui l&rsquo;on demandera aussi des r\u00e9sultats importants dans le classement UCI. Les nouveaux et les anciens se retrouveront \u00e0 Moj\u00e1car, dans le sud de l&rsquo;Espagne, le mercredi 10 d\u00e9cembre pour entamer un stage d&rsquo;entra\u00eenement qui durera jusqu&rsquo;au dimanche 21.<\/p>\n<p>Nous nous pr\u00e9parons \u00e0 une ann\u00e9e passionnante\u00a0\u00bb, peut-on lire dans la note publi\u00e9e par l&rsquo;\u00e9quipe, \u00ab\u00a0nous aurons de nombreux d\u00e9fis \u00e0 relever et autant d&rsquo;objectifs \u00e0 poursuivre ; pour ce faire, nous avons mis en place une grande \u00e9quipe, <strong>afin de pouvoir couvrir la charge d&rsquo;un calendrier de plus en plus vaste et exigeant<\/strong> avec de plus grandes garanties\u00a0\u00bb.<\/p>\n<p>&#038;nbsp ;<\/p>\n<table style=\"height : 300px ; width : 100% ;\" border=\"0\">\n<tbody>.<\/p>\n<tr style=\"height : 36px ;\">\n<td style=\"width : 100% ; background-colour : #0000 ; text-align : centre ; vertical-align : middle ; height : 36px ;\" colspan=\"2\"><strong><span style=\"colour : #ffe400 ; font-size : x-large ;\">Caja Rural &#8211; Seguros RGA *<\/span><\/strong><\/td>\n<p>.<br \/>\n<\/tr>\n<tr style=\"height : 24px ;\">\n<td style=\"width : 100% ; background-colour : #ffe400 ; text-align : centre ; vertical-align : middle ; height : 24px ;\" colspan=\"2\"><strong><span style=\"colour : #0000 ; font-size : small ;\">Officiel<\/span><\/strong><\/td>\n<\/tr>\n<tr style=\"height : 20px ;\">\n<td style=\"background-colour : #ffe400 ; text-align : centre ; height : 20px ; width : 50% ;\"><strong><span style=\"colour : #009900 ;\">Entr\u00e9e \u25c4<\/span><\/strong><\/td>\n<td style=\"background-colour : #ffe400 ; text-align : centre ; height : 20px ; width : 50% ;\"><strong><span style=\"colour : #ff0000 ;\">\u25baExit<\/span><\/strong><\/td>\n<\/tr>\n<tr style=\"background-colour : #ffe400 ; height : 24px ;\">\n<td style=\"height : 24px ; width : 50% ;\">Gorka Corres (NeoPro)<br \/>\nFernando Gaviria (Movistar)<br \/>\nEllande Larronde (NeoPro)<br \/>\nPablo Lospitao (NeoPro)<br \/>\nStefano Oldani (Cofidis)<br \/>\nJos\u00e9 F\u00e9lix Parra (Kern Pharma)<br \/>\nIker Villar (NeoPro)<\/td>\n<p>.<\/p>\n<td style=\"height : 24px ; width : 50% ;\">Daniel Babor ( ?)<br \/>\nAbner Gonz\u00e1lez (Illes Balears)<br \/>\nCalum Johnston (Li Ning Star)<br \/>\nGuillermo Thomas Silva (XDS Astana)<br \/>\nTyler Stites (Modern Adventure)<\/td>\n<\/tr>\n<tr style=\"background-colour : #fff391 ; height : 24px ;\">\n<td style=\"text-align : centre ; height : 24px ; width : 100% ;\" colspan=\"2\"><strong><span style=\"colour : #0000 ; font-size : small ;\">Treaty<\/span><\/strong><\/td>\n<\/tr>\n<tr style=\"background-colour : #fff391 ; height : 24px ;\">\n<td style=\"text-align : centre ; height : 24px ; width : 50% ;\"><strong><span style=\"colour : #009900 ;\">Entr\u00e9e \u25c4<\/span><\/strong><\/td>\n<td style=\"text-align : centre ; height : 24px ; width : 50% ;\"><strong><span style=\"colour : #ff0000 ;\">\u25baExit<\/span><\/strong><\/td>\n<\/tr>\n<tr style=\"background-colour : #fff391 ; height : 24px ;\">\n<td style=\"height : 24px ; width : 50% ;\"><\/td>\n<td style=\"height : 24px ; width : 50% ;\"><\/td>\n<\/tr>\n<tr style=\"height : 38px ;\">\n<td style=\"background-colour : #ffffcc ; text-align : centre ; width : 100% ; height : 38px ;\" colspan=\"2\"><strong><span style=\"colour : #0000 ; font-size : small ;\"><span style=\"font-size : 12pt ;\"><span style=\"colour : #0000 ;\"><span style=\"font-size : 10pt ;\">In Expiry<\/span><\/span><\/span><\/strong><\/td>\n<\/tr>\n<tr style=\"height : 38px ;\">\n<td style=\"background-colour : #ffffcc ; width : 100% ; text-align : centre ; height : 38px ;\" colspan=\"2\"><\/td>\n<\/tr>\n<tr style=\"height : 24px ;\">\n<td style=\"background-colour : #ffffcc ; text-align : centre ; height : 24px ; width : 100% ;\" colspan=\"2\"><strong><span style=\"colour : #0000 ; font-size : small ;\">Rose 2026<\/span><\/strong><\/td>\n<\/tr>\n<tr style=\"height : 24px ;\">\n<td style=\"background-colour : #ffffcc ; text-align : justify ; height : 24px ; width : 100% ;\"colspan=\"2\"><em>Julen Arriolabengoa<\/em> (26), <em>Abel Balderstone<\/em> (27), <em>Fernando Barcel\u00f3<\/em> (26), <em>Sebastian Berwick<\/em> (26), Joan Bou (26), Jan Castellon (26), <strong>Gorka Corres<\/strong> (28), Sergi Darder (26), Alex Diaz (26), <em>Samuel Fern\u00e1ndez<\/em> (27), <strong>Fernando Gaviria<\/strong> (26), <em>Jaume Guarde\u00f1o<\/em> (27), Javier Iba\u00f1ez (26), <strong>Ellande Larronde<\/strong> (28), <em>I\u00fari Leit\u00e3o<\/em> (26), Joseba L\u00f3pez (26), <strong>Pablo Lospitao<\/strong> (28), Alex Molenaar (26), Joel Nicolau (26), <strong>Stefano Oldani<\/strong> (26), <em>Jakub Otruba<\/em> (26), <strong>Jos\u00e9 F\u00e9lix Parra<\/strong> (27), Francisco Pe\u00f1uela (26), <em>Eduard Prades<\/em> (26), <em>Gorka Sorarrain<\/em> (26), <strong>Iker Villar<\/strong> (28).<\/td>\n<p>.<br \/>\n<\/tr>\n<\/tbody>\n<\/table>\n","protected":false},"excerpt":{"rendered":"<p>La Caja Rural-Seguros RGA est pr\u00eate pour la saison 2026. L&rsquo;\u00e9quipe professionnelle espagnole entame son Parcours vers les courses de l&rsquo;ann\u00e9e prochaine en officialisant le line-up constitu\u00e9 ces derni\u00e8res semaines lors du CicloMercato. Au total, l&rsquo;\u00e9quipe compte 26 coureurs, ce qui est remarquable pour une formation de \u00ab\u00a0deuxi\u00e8me cat\u00e9gorie\u00a0\u00bb, comme le souligne l&rsquo;\u00e9quipe espagnole elle-m\u00eame, &hellip;<\/p>\n","protected":false},"author":20,"featured_media":163204,"comment_status":"open","ping_status":"open","sticky":false,"template":"","format":"standard","meta":{"footnotes":""},"categories":[3],"tags":[],"class_list":["post-163205","post","type-post","status-publish","format-standard","has-post-thumbnail","hentry","category-autre"],"_links":{"self":[{"href":"https:\/\/cyclingpro.net\/velopro\/wp-json\/wp\/v2\/posts\/163205","targetHints":{"allow":["GET"]}}],"collection":[{"href":"https:\/\/cyclingpro.net\/velopro\/wp-json\/wp\/v2\/posts"}],"about":[{"href":"https:\/\/cyclingpro.net\/velopro\/wp-json\/wp\/v2\/types\/post"}],"author":[{"embeddable":true,"href":"https:\/\/cyclingpro.net\/velopro\/wp-json\/wp\/v2\/users\/20"}],"replies":[{"embeddable":true,"href":"https:\/\/cyclingpro.net\/velopro\/wp-json\/wp\/v2\/comments?post=163205"}],"version-history":[{"count":0,"href":"https:\/\/cyclingpro.net\/velopro\/wp-json\/wp\/v2\/posts\/163205\/revisions"}],"wp:featuredmedia":[{"embeddable":true,"href":"https:\/\/cyclingpro.net\/velopro\/wp-json\/wp\/v2\/media\/163204"}],"wp:attachment":[{"href":"https:\/\/cyclingpro.net\/velopro\/wp-json\/wp\/v2\/media?parent=163205"}],"wp:term":[{"taxonomy":"category","embeddable":true,"href":"https:\/\/cyclingpro.net\/velopro\/wp-json\/wp\/v2\/categories?post=163205"},{"taxonomy":"post_tag","embeddable":true,"href":"https:\/\/cyclingpro.net\/velopro\/wp-json\/wp\/v2\/tags?post=163205"}],"curies":[{"name":"wp","href":"https:\/\/api.w.org\/{rel}","templated":true}]}}