{"id":163203,"date":"2025-12-09T10:41:15","date_gmt":"2025-12-09T09:41:15","guid":{"rendered":"https:\/\/cyclingpro.net\/velopro\/uncategorized\/giro-ditalia-2026-dans-le-frioul-letape-gemona-piancavallo-donne-lieu-a-des-travaux-dentretien-routier-dun-montant-de-15-millions-deuros\/"},"modified":"2025-12-09T10:41:15","modified_gmt":"2025-12-09T09:41:15","slug":"giro-ditalia-2026-dans-le-frioul-letape-gemona-piancavallo-donne-lieu-a-des-travaux-dentretien-routier-dun-montant-de-15-millions-deuros","status":"publish","type":"post","link":"https:\/\/cyclingpro.net\/velopro\/autre\/giro-ditalia-2026-dans-le-frioul-letape-gemona-piancavallo-donne-lieu-a-des-travaux-dentretien-routier-dun-montant-de-15-millions-deuros\/","title":{"rendered":"Giro d&rsquo;Italia 2026, dans le Frioul, l&rsquo;\u00e9tape Gemona-Piancavallo donne lieu \u00e0 des travaux d&rsquo;entretien routier d&rsquo;un montant de 15 millions d&rsquo;euros."},"content":{"rendered":"<p>Le Parcours du <strong>Giro d&rsquo;Italia 2026<\/strong> est une r\u00e9alit\u00e9 depuis quelques jours. Les organisateurs ont en effet pr\u00e9sent\u00e9 leur cr\u00e9ature, <a href=\"https:\/\/cyclingpro.net\/spaziociclismo\/giro-2026\/giro-ditalia-2026-percorso-tappe-altimetrie-planimetrie\/\" target=\"_blank\" rel=\"noopener\">d\u00e9finissant les lieux de d\u00e9part et d&rsquo;arriv\u00e9e des vingt-et-une \u00e9tapes de la prochaine course rose<\/a>. Tout ce qui se trouve entre les deux a \u00e9galement \u00e9t\u00e9 d\u00e9fini, \u00e0 savoir le parcours des diff\u00e9rentes fractions qui composeront la course cycliste la plus attendue de l&rsquo;ann\u00e9e sur le sol italien (et pas seulement, puisque le Grand D\u00e9part aura lieu en Bulgarie). Le Giro est encore dans cinq mois, mais le temps passe vite et les diff\u00e9rentes administrations locales et r\u00e9gionales auront fort \u00e0 faire pour que tout soit pr\u00eat pour le passage de la caravane rose.<\/p>\n<p>C&rsquo;est le cas dans le Frioul, qui sera le th\u00e9\u00e2tre de l&rsquo;\u00e9tape vraisemblablement d\u00e9cisive pour le sort de la course. La 20e, et avant-derni\u00e8re, \u00e9tape du Giro 2026 se d\u00e9roulera entre <strong>Gemona del Friuli<\/strong> et <strong>Piancavallo<\/strong>, et sera une journ\u00e9e de spectacle, compte tenu de la double ascension pr\u00e9vue par le parcours vers la station de montagne, situ\u00e9e sur le territoire de l'\u00a0\u00bbancienne\u00a0\u00bb province de Pordenone.<\/p>\n<p>En vue de l&rsquo;\u00e9tape, pr\u00e9vue pour le samedi 30 mai et qui aura \u00e9galement un caract\u00e8re comm\u00e9moratif, \u00e9tant donn\u00e9 qu&rsquo;elle a \u00e9t\u00e9 associ\u00e9e au 50e anniversaire du tragique tremblement de terre qui a frapp\u00e9 la r\u00e9gion en 1976, il y aura des investissements publics massifs en termes d&rsquo;entretien des routes. Le pr\u00e9sident de la r\u00e9gion Frioul-V\u00e9n\u00e9tie Julienne, <strong>Massimiliano Fedriga<\/strong>, a \u00e9num\u00e9r\u00e9 les chiffres : \u00ab\u00a0<strong>Pour garantir la s\u00e9curit\u00e9 et la qualit\u00e9 de la route Corsa Rosa, des travaux d&rsquo;entretien routier d&rsquo;un montant de pr\u00e8s de 15 millions d&rsquo;euros sont en cours entre les anciennes provinces d&rsquo;Udine et de Pordenone<\/strong>\u00ab\u00a0, a \u00e9crit l&rsquo;homme politique sur ses profils sociaux.<\/p>\n<p>Dans le d\u00e9tail, \u00ab\u00a0plus de 4 millions d&rsquo;euros seront allou\u00e9s par les routes FVG pour les art\u00e8res \u00e9tatiques et r\u00e9gionales\u00a0\u00bb, a not\u00e9 Fedriga, \u00ab\u00a0<strong>Pr\u00e8s de 3 millions d&rsquo;euros seront plut\u00f4t disponibles pour les municipalit\u00e9s qui seront touch\u00e9es par l&rsquo;\u00e9tape, notamment Aviano, Barcis, Gemona, Artegna, Majano, Colloredo, Osoppo, Bordano et Venzone<\/strong>. En outre, 2,7 millions d&rsquo;euros seront allou\u00e9s par l&rsquo;organisme de d\u00e9centralisation r\u00e9gional d&rsquo;Udine (l&rsquo;ancienne province) et 5 millions d&rsquo;euros proviendront de l&rsquo;organisme de Pordenone pour des tron\u00e7ons de route d\u00e9finis comme \u00ab\u00a0strat\u00e9giques\u00a0\u00bb, jusqu&rsquo;\u00e0 Piancavallo.<\/p>\n","protected":false},"excerpt":{"rendered":"<p>Le Parcours du Giro d&rsquo;Italia 2026 est une r\u00e9alit\u00e9 depuis quelques jours. Les organisateurs ont en effet pr\u00e9sent\u00e9 leur cr\u00e9ature, d\u00e9finissant les lieux de d\u00e9part et d&rsquo;arriv\u00e9e des vingt-et-une \u00e9tapes de la prochaine course rose. Tout ce qui se trouve entre les deux a \u00e9galement \u00e9t\u00e9 d\u00e9fini, \u00e0 savoir le parcours des diff\u00e9rentes fractions qui &hellip;<\/p>\n","protected":false},"author":20,"featured_media":163202,"comment_status":"open","ping_status":"open","sticky":false,"template":"","format":"standard","meta":{"footnotes":""},"categories":[3],"tags":[],"class_list":["post-163203","post","type-post","status-publish","format-standard","has-post-thumbnail","hentry","category-autre"],"_links":{"self":[{"href":"https:\/\/cyclingpro.net\/velopro\/wp-json\/wp\/v2\/posts\/163203","targetHints":{"allow":["GET"]}}],"collection":[{"href":"https:\/\/cyclingpro.net\/velopro\/wp-json\/wp\/v2\/posts"}],"about":[{"href":"https:\/\/cyclingpro.net\/velopro\/wp-json\/wp\/v2\/types\/post"}],"author":[{"embeddable":true,"href":"https:\/\/cyclingpro.net\/velopro\/wp-json\/wp\/v2\/users\/20"}],"replies":[{"embeddable":true,"href":"https:\/\/cyclingpro.net\/velopro\/wp-json\/wp\/v2\/comments?post=163203"}],"version-history":[{"count":0,"href":"https:\/\/cyclingpro.net\/velopro\/wp-json\/wp\/v2\/posts\/163203\/revisions"}],"wp:featuredmedia":[{"embeddable":true,"href":"https:\/\/cyclingpro.net\/velopro\/wp-json\/wp\/v2\/media\/163202"}],"wp:attachment":[{"href":"https:\/\/cyclingpro.net\/velopro\/wp-json\/wp\/v2\/media?parent=163203"}],"wp:term":[{"taxonomy":"category","embeddable":true,"href":"https:\/\/cyclingpro.net\/velopro\/wp-json\/wp\/v2\/categories?post=163203"},{"taxonomy":"post_tag","embeddable":true,"href":"https:\/\/cyclingpro.net\/velopro\/wp-json\/wp\/v2\/tags?post=163203"}],"curies":[{"name":"wp","href":"https:\/\/api.w.org\/{rel}","templated":true}]}}