{"id":163197,"date":"2025-12-08T19:17:18","date_gmt":"2025-12-08T18:17:18","guid":{"rendered":"https:\/\/cyclingpro.net\/velopro\/uncategorized\/grand-prix-cycliste-de-la-marseillaise-2026-montee-de-la-route-des-cretes-retiree-de-la-finale-la-descente-suivante-trop-dangereuse\/"},"modified":"2025-12-08T19:17:18","modified_gmt":"2025-12-08T18:17:18","slug":"grand-prix-cycliste-de-la-marseillaise-2026-montee-de-la-route-des-cretes-retiree-de-la-finale-la-descente-suivante-trop-dangereuse","status":"publish","type":"post","link":"https:\/\/cyclingpro.net\/velopro\/autre\/grand-prix-cycliste-de-la-marseillaise-2026-montee-de-la-route-des-cretes-retiree-de-la-finale-la-descente-suivante-trop-dangereuse\/","title":{"rendered":"Grand Prix Cycliste de La Marseillaise 2026, mont\u00e9e de la Route des Cr\u00eates retir\u00e9e de la finale : la descente suivante trop dangereuse."},"content":{"rendered":"<p>Nouvelle importante dans le pot pour les organisateurs du <strong>Grand Prix La Marseillaise 2026<\/strong>. La manche d&rsquo;ouverture du calendrier fran\u00e7ais des courses professionnelles sur route verra son parcours sensiblement modifi\u00e9 le 1er f\u00e9vrier prochain, par rapport \u00e0 celui sur lequel les coureurs se sont affront\u00e9s il y a pr\u00e8s d&rsquo;un an. En particulier, le trac\u00e9 de l&rsquo;\u00e9preuve ne comprendra plus la Route des Cr\u00eates, une ascension qui \u00e9tait normalement plac\u00e9e dans la derni\u00e8re heure de la course et qui s&rsquo;est souvent av\u00e9r\u00e9e d\u00e9cisive dans l&rsquo;\u00e9conomie de la course marseillaise.<\/p>\n<p>En plus de la mont\u00e9e, la descente a fait beaucoup de d\u00e9g\u00e2ts dans le pass\u00e9. Plusieurs coureurs ont subi de dures chutes sur ce tron\u00e7on ces derni\u00e8res ann\u00e9es, avec <strong>Ya\u00ebl Joalland<\/strong> <a href=\"https:\/\/cyclingpro.net\/spaziociclismo\/continental\/francia-yael-joalland-racconta-la-terribile-caduta-avvenuta-al-gp-marseillaise-e-il-gesto-di-axel-zingle-potrebbe-avermi-salvato-la-vita\/\" target=\"_blank\" rel=\"noopener\">qui lors de l&rsquo;\u00e9dition 2024 est pass\u00e9 tout pr\u00e8s d&rsquo;une chute qui aurait pu \u00eatre fatale<\/a> \u00e0 sa vie. Selon des informations <a href=\"https:\/\/www.directvelo.com\/actualite\/125718\/le-retour-du-velodrome-et-la-fin-des-cretes-pour-le-gp-de-marseille-la-marseillaise\" target=\"_blank\" rel=\"noopener\"><em>Dir\u00e9ctVelo<\/em><\/a>, certaines \u00e9quipes avaient fait savoir aux organisateurs que cette portion de route \u00e9tait trop dangereuse et que ces m\u00eames \u00e9quipes pourraient m\u00eame ne pas r\u00e9pondre \u00e0 l&rsquo;invitation de participer si la Route des Cr\u00eates \u00e9tait toujours incluse dans le trac\u00e9 de la course.<\/p>\n<p>Pas de Route des Cr\u00eates, donc, et pas d&rsquo;arriv\u00e9e sur les hauteurs de Luminy, la zone universitaire adjacente \u00e0 Marseille qui avait \u00e9t\u00e9 le th\u00e9\u00e2tre <a href=\"https:\/\/cyclingpro.net\/spaziociclismo\/sintesi-gare\/gp-la-marseillaise-2025-successo-di-valentin-ferron-al-fotofinish\/\" target=\"_blank\" rel=\"noopener\">de la conclusion de la course en 2025. <\/La course fran\u00e7aise se terminera \u00e0 nouveau sur le boulevard Michelet, le tr\u00e8s long boulevard pr\u00e8s du stade V\u00e9lodrome, ce qui n'avait pas \u00e9t\u00e9 possible l'ann\u00e9e derni\u00e8re en raison de la concomitance avec un match du championnat de France de football de haut niveau qui devait se d\u00e9rouler dans ce stade.\n<\/p>\n","protected":false},"excerpt":{"rendered":"<p>Nouvelle importante dans le pot pour les organisateurs du Grand Prix La Marseillaise 2026. La manche d&rsquo;ouverture du calendrier fran\u00e7ais des courses professionnelles sur route verra son parcours sensiblement modifi\u00e9 le 1er f\u00e9vrier prochain, par rapport \u00e0 celui sur lequel les coureurs se sont affront\u00e9s il y a pr\u00e8s d&rsquo;un an. En particulier, le trac\u00e9 &hellip;<\/p>\n","protected":false},"author":20,"featured_media":163196,"comment_status":"open","ping_status":"open","sticky":false,"template":"","format":"standard","meta":{"footnotes":""},"categories":[3],"tags":[],"class_list":["post-163197","post","type-post","status-publish","format-standard","has-post-thumbnail","hentry","category-autre"],"_links":{"self":[{"href":"https:\/\/cyclingpro.net\/velopro\/wp-json\/wp\/v2\/posts\/163197","targetHints":{"allow":["GET"]}}],"collection":[{"href":"https:\/\/cyclingpro.net\/velopro\/wp-json\/wp\/v2\/posts"}],"about":[{"href":"https:\/\/cyclingpro.net\/velopro\/wp-json\/wp\/v2\/types\/post"}],"author":[{"embeddable":true,"href":"https:\/\/cyclingpro.net\/velopro\/wp-json\/wp\/v2\/users\/20"}],"replies":[{"embeddable":true,"href":"https:\/\/cyclingpro.net\/velopro\/wp-json\/wp\/v2\/comments?post=163197"}],"version-history":[{"count":0,"href":"https:\/\/cyclingpro.net\/velopro\/wp-json\/wp\/v2\/posts\/163197\/revisions"}],"wp:featuredmedia":[{"embeddable":true,"href":"https:\/\/cyclingpro.net\/velopro\/wp-json\/wp\/v2\/media\/163196"}],"wp:attachment":[{"href":"https:\/\/cyclingpro.net\/velopro\/wp-json\/wp\/v2\/media?parent=163197"}],"wp:term":[{"taxonomy":"category","embeddable":true,"href":"https:\/\/cyclingpro.net\/velopro\/wp-json\/wp\/v2\/categories?post=163197"},{"taxonomy":"post_tag","embeddable":true,"href":"https:\/\/cyclingpro.net\/velopro\/wp-json\/wp\/v2\/tags?post=163197"}],"curies":[{"name":"wp","href":"https:\/\/api.w.org\/{rel}","templated":true}]}}