{"id":163195,"date":"2025-12-08T18:43:50","date_gmt":"2025-12-08T17:43:50","guid":{"rendered":"https:\/\/cyclingpro.net\/velopro\/uncategorized\/piste-les-travaux-reprennent-pour-le-velodrome-de-spresiano-pret-en-2028-il-sera-mondial-en-2031\/"},"modified":"2025-12-08T18:43:50","modified_gmt":"2025-12-08T17:43:50","slug":"piste-les-travaux-reprennent-pour-le-velodrome-de-spresiano-pret-en-2028-il-sera-mondial-en-2031","status":"publish","type":"post","link":"https:\/\/cyclingpro.net\/velopro\/autre\/piste-les-travaux-reprennent-pour-le-velodrome-de-spresiano-pret-en-2028-il-sera-mondial-en-2031\/","title":{"rendered":"Piste, les travaux reprennent pour le v\u00e9lodrome de Spresiano : pr\u00eat en 2028, il sera \u00ab\u00a0mondial\u00a0\u00bb en 2031"},"content":{"rendered":"<p>Pour le <strong>V\u00e9lodrome de Spresiano<\/strong>, le \u00ab\u00a0p\u00e9dalage\u00a0\u00bb reprend. L&rsquo;installation de cyclisme en salle, dont la proc\u00e9dure de construction a connu plus d&rsquo;un accroc au fil des ans, devrait en effet voir le jour en 2028. Les travaux de construction, ainsi que les travaux d&rsquo;\u00e9bauche n\u00e9cessaires, reprendront au cours du mois de janvier prochain avec un objectif futur tr\u00e8s important \u00e0 poursuivre : le v\u00e9lodrome de Spresiano est en effet indiqu\u00e9 comme le sc\u00e9nario de course sur piste pour ce qui sera les \u00ab\u00a0<strong>Super-Mondiaux<\/strong> de 2031, <a href=\"https:\/\/cyclingpro.net\/spaziociclismo\/worldtour\/mondiali-2031-ormai-fatta-per-lassegnazione-al-trentino-delledizione-in-formato-super-domani-lufficialita\/\" target=\"_blank\" rel=\"noopener\">attribu\u00e9s \u00e0 l&rsquo;Italie et, plus pr\u00e9cis\u00e9ment, au Trentin. <\/a><\/p>\n<p><b>En-t\u00eate class=\u00a0\u00bbl-entry__header\u00a0\u00bb data-entry-header=\u00a0\u00bb\u00a0\u00bb><\/p>\n<p class=\"l-entry__summary u-body-03 u-colour-secondary u-mb-small\">Spresiano, qui se trouve dans la province de Tr\u00e9vise (donc dans la r\u00e9gion V\u00e9n\u00e9tie), sera donc le sc\u00e9nario arc-en-ciel. Selon <a href=\"https:\/\/www.trevisotoday.it\/attualita\/spresiano-velodromo-bandi-2-dicembre-2025.html\" target=\"_blank\" rel=\"noopener\"><em>TrevisoToday<\/em><\/a>, entre avril et mai prochains, le processus d&rsquo;attribution des diff\u00e9rents travaux devrait \u00eatre conclu. \u00ab\u00a0Le v\u00e9lodrome sera fondamental non seulement du point de vue sportif &#8211; les mots du conseiller r\u00e9gional pour le tourisme, <strong>Federico Caner<\/strong> &#8211; mais il sera un point d&rsquo;attraction touristique incroyable parce que les sportifs arrivent avec leurs familles et parce que nous avons vu ce que le cyclotourisme signifie pour la V\u00e9n\u00e9tie et surtout pour la province de Tr\u00e9vise\u00a0\u00bb.<\/p>\n<p>.<br \/>\nLe point de vue de la F\u00e9d\u00e9ration Italienne de Cyclisme, exprim\u00e9 par le secr\u00e9taire g\u00e9n\u00e9ral <strong>Marcello Tolu:<\/strong> \u00ab\u00a0Les temps sont \u00e9galement \u00e9crits dans l&rsquo;accord de programme, donc, net du fait que les proc\u00e9dures ont quelques jours selon le code des march\u00e9s publics, nous pr\u00e9voyons la fin des travaux pour 2028, aussi parce que ce v\u00e9lodrome est l&rsquo;une des pierres angulaires fondamentales de la candidature que nous avons transmis \u00e0 l&rsquo;Union cycliste internationale pour les Championnats du monde 2031\u00a0\u00bb.<\/p>\n<\/header>\n<p>.<\/p>\n<div class=\"c-entry\">\n<div data-content--body=\"[[counter]]\">\n<p>En ce qui concerne les donn\u00e9es techniques, le v\u00e9lodrome de Spresiano disposera de 2 000 places, sera multifonctionnel et sera, dit-on localement, \u00ab\u00a0\u00e9galement tr\u00e8s adapt\u00e9 \u00e0 l&rsquo;accueil d&rsquo;\u00e9v\u00e9nements non sportifs\u00a0\u00bb, ajoute Tolu : \u00ab\u00a0C&rsquo;est un tr\u00e8s beau projet, mais nous ne voulons pas trop anticiper, car nous allons bient\u00f4t le pr\u00e9senter et le d\u00e9voiler \u00e0 tout le monde\u00a0\u00bb.<\/p>\n<\/div>\n<\/div>\n","protected":false},"excerpt":{"rendered":"<p>Pour le V\u00e9lodrome de Spresiano, le \u00ab\u00a0p\u00e9dalage\u00a0\u00bb reprend. L&rsquo;installation de cyclisme en salle, dont la proc\u00e9dure de construction a connu plus d&rsquo;un accroc au fil des ans, devrait en effet voir le jour en 2028. Les travaux de construction, ainsi que les travaux d&rsquo;\u00e9bauche n\u00e9cessaires, reprendront au cours du mois de janvier prochain avec un &hellip;<\/p>\n","protected":false},"author":20,"featured_media":163194,"comment_status":"open","ping_status":"open","sticky":false,"template":"","format":"standard","meta":{"footnotes":""},"categories":[3],"tags":[],"class_list":["post-163195","post","type-post","status-publish","format-standard","has-post-thumbnail","hentry","category-autre"],"_links":{"self":[{"href":"https:\/\/cyclingpro.net\/velopro\/wp-json\/wp\/v2\/posts\/163195","targetHints":{"allow":["GET"]}}],"collection":[{"href":"https:\/\/cyclingpro.net\/velopro\/wp-json\/wp\/v2\/posts"}],"about":[{"href":"https:\/\/cyclingpro.net\/velopro\/wp-json\/wp\/v2\/types\/post"}],"author":[{"embeddable":true,"href":"https:\/\/cyclingpro.net\/velopro\/wp-json\/wp\/v2\/users\/20"}],"replies":[{"embeddable":true,"href":"https:\/\/cyclingpro.net\/velopro\/wp-json\/wp\/v2\/comments?post=163195"}],"version-history":[{"count":0,"href":"https:\/\/cyclingpro.net\/velopro\/wp-json\/wp\/v2\/posts\/163195\/revisions"}],"wp:featuredmedia":[{"embeddable":true,"href":"https:\/\/cyclingpro.net\/velopro\/wp-json\/wp\/v2\/media\/163194"}],"wp:attachment":[{"href":"https:\/\/cyclingpro.net\/velopro\/wp-json\/wp\/v2\/media?parent=163195"}],"wp:term":[{"taxonomy":"category","embeddable":true,"href":"https:\/\/cyclingpro.net\/velopro\/wp-json\/wp\/v2\/categories?post=163195"},{"taxonomy":"post_tag","embeddable":true,"href":"https:\/\/cyclingpro.net\/velopro\/wp-json\/wp\/v2\/tags?post=163195"}],"curies":[{"name":"wp","href":"https:\/\/api.w.org\/{rel}","templated":true}]}}