{"id":163187,"date":"2025-12-08T15:57:55","date_gmt":"2025-12-08T14:57:55","guid":{"rendered":"https:\/\/cyclingpro.net\/velopro\/uncategorized\/soudal-quick-step-le-retour-de-stan-van-tricht-complete-lequipe-de-developpement\/"},"modified":"2025-12-08T15:57:55","modified_gmt":"2025-12-08T14:57:55","slug":"soudal-quick-step-le-retour-de-stan-van-tricht-complete-lequipe-de-developpement","status":"publish","type":"post","link":"https:\/\/cyclingpro.net\/velopro\/autre\/soudal-quick-step-le-retour-de-stan-van-tricht-complete-lequipe-de-developpement\/","title":{"rendered":"Soudal Quick-Step, le retour de Stan Van Tricht compl\u00e8te l&rsquo;\u00e9quipe de d\u00e9veloppement"},"content":{"rendered":"<p>Ils seront 16 coureurs \u00e0 figurer sur la liste de l&rsquo;\u00e9quipe <strong>Soudal Quick-Step Devo Team<\/strong> en 2026. Active au niveau continental, l&rsquo;\u00e9quipe de d\u00e9veloppement Wolfpack sera bien s\u00fbr compos\u00e9e de nombreux jeunes coureurs qui chercheront \u00e0 faire leurs preuves dans le but de d\u00e9crocher un contrat professionnel, mais ils seront rejoints par deux coureurs un peu plus exp\u00e9riment\u00e9s. Il s&rsquo;agit de <strong>Ceriel Desal<\/strong>, d\u00e9j\u00e0 annonc\u00e9, qui apr\u00e8s la fermeture de Wagner Bazin WB <a href=\"https:\/\/cyclingpro.net\/spaziociclismo\/ciclomercato\/soudal-quick-step-ceriel-desal-firma-con-la-formazione-continental-poi-tornera-pro-nel-2027\/\">a sign\u00e9 un contrat de deux ans qui l&rsquo;am\u00e8nera en \u00e9quipe premi\u00e8re en 2027<\/a>, et de <strong>Stan Van Tricht<\/strong>, qui apr\u00e8s deux saisons \u00e0 Alpecin-Deceuninck revient dans l&rsquo;\u00e9quipe qui l&rsquo;a lanc\u00e9 chez les pros&rsquo; en 2022.<\/p>\n<p>Outre les deux jeunes de 26 ans, le Mexicain <a href=\"https:\/\/cyclingpro.net\/spaziociclismo\/worldtour\/soudal-quick-step-il-giovane-messicano-said-cisneros-firma-con-la-development\/\"><strong>Said Cisneros<\/strong><\/a> et le Fran\u00e7ais <strong>Luc Royer<\/strong><\/a> rejoindront \u00e9galement l&rsquo;\u00e9quipe belge, tandis que Jonathan Vervenne, promu en \u00e9quipe premi\u00e8re, Senne Hulsmans, Jelle Harteel et les Italiens Renato Favero, qui a rejoint Biesse Carrera Premac, et Thomas Pesenti, qui a sign\u00e9 pour Team Polti VisitMalta, feront \u00e9galement leurs adieux. Douze, en revanche, ont \u00e9t\u00e9 confirm\u00e9s \u00e0 partir de 2025 : <strong>Henrique Bravo<\/strong>, <strong>Matthijs De Clercq<\/strong>, <strong>Hodei Mu\u00f1oz<\/strong>, <strong>Joeri Schaper<\/strong>, <strong>Jasper Schoofs<\/strong>, <strong>Gauthier Servranckx<\/strong>, <strong>Viktor Soenens<\/strong>, <strong>Erazem Valjavec<\/strong>, <strong>Lars Vanden Heede<\/strong>, <strong>Matijs Van Strijthem<\/strong>, <strong>Marc Zafra<\/strong> et l&rsquo;Italien <strong>Federico Savino<\/strong>.<\/p>\n<p>Il y a \u00e9galement plusieurs nouveaux venus dans le staff, qui est rejoint par les anciens pros <strong>Dimitri Peyskens<\/strong> (anciennement en charge de la ligne junior), <strong>Eliot Lietaer<\/strong> et <strong>Tim Declercq<\/strong>, qui a \u00e9t\u00e9 un \u00e9l\u00e9ment important de l&rsquo;\u00e9quipe pendant des ann\u00e9es : \u00ab\u00a0Apr\u00e8s sept ann\u00e9es inoubliables au sein de l&rsquo;\u00e9quipe premi\u00e8re, commencer ma carri\u00e8re d&rsquo;entra\u00eeneur ici me semble \u00eatre une \u00e9tape naturelle\u00a0\u00bb, a d\u00e9clar\u00e9 <em>El Tractor<\/em> \u00ab\u00a0Ce groupe a une grande \u00e9nergie et une forte \u00e9thique de travail, et je suis impatient de les aider \u00e0 progresser en tant que coureurs et en tant que personnes. Je sais par exp\u00e9rience \u00e0 quel point un Parcours de d\u00e9veloppement clair peut \u00eatre pr\u00e9cieux, et <strong>je suis fier de contribuer \u00e0 un projet qui offre aux jeunes cavaliers de r\u00e9elles opportunit\u00e9s de se d\u00e9velopper au sein de l&rsquo;organisation<\/strong>\u00ab\u00a0.<\/p>\n<p>Le directeur sportif <strong>Kevin Hulsmans<\/strong> est confiant quant \u00e0 l&rsquo;avenir : \u00ab\u00a0La saison que nous venons de vivre a \u00e9t\u00e9 tr\u00e8s positive pour nos jeunes coureurs. <Nous avons assist\u00e9 \u00e0 un fort d\u00e9veloppement de l'ensemble du groupe et \u00e0 des performances remarquables lors des courses les plus importantes. Ils ont \u00e9galement montr\u00e9 qu'ils pouvaient concourir au niveau professionnel<\/strong>, en obtenant des r\u00e9sultats impressionnants alors qu&rsquo;ils couraient avec l&rsquo;\u00e9quipe WorldTour. En ce qui concerne 2026, nous avons maintenu la stabilit\u00e9 de l&rsquo;\u00e9quipe car nous croyons fermement au potentiel de ce groupe. Avec une ann\u00e9e suppl\u00e9mentaire de maturit\u00e9 et une \u00e9quipe \u00e9quilibr\u00e9e, nous esp\u00e9rons \u00eatre comp\u00e9titifs sur tous les terrains. <strong>Notre objectif reste inchang\u00e9 : former des coureurs dans un environnement performant et les aider \u00e0 faire le saut vers le WorldTour.\u00a0\u00bb<\/p>\n","protected":false},"excerpt":{"rendered":"<p>Ils seront 16 coureurs \u00e0 figurer sur la liste de l&rsquo;\u00e9quipe Soudal Quick-Step Devo Team en 2026. Active au niveau continental, l&rsquo;\u00e9quipe de d\u00e9veloppement Wolfpack sera bien s\u00fbr compos\u00e9e de nombreux jeunes coureurs qui chercheront \u00e0 faire leurs preuves dans le but de d\u00e9crocher un contrat professionnel, mais ils seront rejoints par deux coureurs un &hellip;<\/p>\n","protected":false},"author":20,"featured_media":163186,"comment_status":"open","ping_status":"open","sticky":false,"template":"","format":"standard","meta":{"footnotes":""},"categories":[3],"tags":[],"class_list":["post-163187","post","type-post","status-publish","format-standard","has-post-thumbnail","hentry","category-autre"],"_links":{"self":[{"href":"https:\/\/cyclingpro.net\/velopro\/wp-json\/wp\/v2\/posts\/163187","targetHints":{"allow":["GET"]}}],"collection":[{"href":"https:\/\/cyclingpro.net\/velopro\/wp-json\/wp\/v2\/posts"}],"about":[{"href":"https:\/\/cyclingpro.net\/velopro\/wp-json\/wp\/v2\/types\/post"}],"author":[{"embeddable":true,"href":"https:\/\/cyclingpro.net\/velopro\/wp-json\/wp\/v2\/users\/20"}],"replies":[{"embeddable":true,"href":"https:\/\/cyclingpro.net\/velopro\/wp-json\/wp\/v2\/comments?post=163187"}],"version-history":[{"count":0,"href":"https:\/\/cyclingpro.net\/velopro\/wp-json\/wp\/v2\/posts\/163187\/revisions"}],"wp:featuredmedia":[{"embeddable":true,"href":"https:\/\/cyclingpro.net\/velopro\/wp-json\/wp\/v2\/media\/163186"}],"wp:attachment":[{"href":"https:\/\/cyclingpro.net\/velopro\/wp-json\/wp\/v2\/media?parent=163187"}],"wp:term":[{"taxonomy":"category","embeddable":true,"href":"https:\/\/cyclingpro.net\/velopro\/wp-json\/wp\/v2\/categories?post=163187"},{"taxonomy":"post_tag","embeddable":true,"href":"https:\/\/cyclingpro.net\/velopro\/wp-json\/wp\/v2\/tags?post=163187"}],"curies":[{"name":"wp","href":"https:\/\/api.w.org\/{rel}","templated":true}]}}