{"id":163185,"date":"2025-12-08T15:30:56","date_gmt":"2025-12-08T14:30:56","guid":{"rendered":"https:\/\/cyclingpro.net\/velopro\/uncategorized\/tour-de-norvege-2026-course-annulee-en-raison-de-larret-du-financement-par-le-gouvernement\/"},"modified":"2025-12-08T15:30:56","modified_gmt":"2025-12-08T14:30:56","slug":"tour-de-norvege-2026-course-annulee-en-raison-de-larret-du-financement-par-le-gouvernement","status":"publish","type":"post","link":"https:\/\/cyclingpro.net\/velopro\/autre\/tour-de-norvege-2026-course-annulee-en-raison-de-larret-du-financement-par-le-gouvernement\/","title":{"rendered":"Tour de Norv\u00e8ge 2026, course annul\u00e9e en raison de l&rsquo;arr\u00eat du financement par le gouvernement"},"content":{"rendered":"<p>Le <strong>Tour de Norv\u00e8ge 2026<\/strong> n&rsquo;aura pas lieu, ni la course masculine, ni la course f\u00e9minine. Les organisateurs de la course scandinave ont annonc\u00e9 que les deux courses, pr\u00e9vues respectivement du 28 au 31 mai et du 30 mai au 1er juin, n&rsquo;auront pas lieu suite \u00e0 la d\u00e9cision du gouvernement de r\u00e9duire les subventions publiques d\u00e9di\u00e9es aux courses cyclistes internationales, des fonds qui constituaient la moiti\u00e9 du budget n\u00e9cessaire \u00e0 l&rsquo;organisation de l&rsquo;\u00e9v\u00e9nement et qui seront redistribu\u00e9s pour soutenir d&rsquo;autres manifestations sportives. Ces derni\u00e8res semaines, le directeur de la course <strong>Roy Hegreberg<\/strong> avait tir\u00e9 la sonnette d&rsquo;alarme <a href=\"https:\/\/cyclingpro.net\/spaziociclismo\/continental\/giro-di-norvegia-2026-corsa-a-rischio-dopo-la-proposta-del-governo-di-abolire-le-sovvenzioni-per-le-gare-ciclistiche-se-non-cambieranno-idea-probabilmente-dovremo-annullare-la-gara\/\">en d\u00e9clarant que sans ces ressources, la course risquait d&rsquo;\u00eatre annul\u00e9e<\/a>, une circonstance qui s&rsquo;est malheureusement produite.<\/p>\n<p>Pendant dix ans, les secteurs priv\u00e9 et public, ainsi que les clubs cyclistes volontaires, ont travaill\u00e9 ensemble pour rendre possible une course internationale qui a mis la Norv\u00e8ge sous les feux de la rampe\u00a0\u00bb, a d\u00e9clar\u00e9 M. Hegreberg, \u00ab\u00a0et qui a \u00e9galement \u00e9t\u00e9 une ar\u00e8ne fantastique pour le d\u00e9veloppement de nouveaux talents\u00a0\u00bb. <Bon nombre des meilleurs cyclistes norv\u00e9giens ont montr\u00e9 leurs comp\u00e9tences et se sont d\u00e9velopp\u00e9s gr\u00e2ce au Tour de Norv\u00e8ge<\/strong>.<\/p>\n<p>\u00ab\u00a0Je respecte les priorit\u00e9s fix\u00e9es par la majorit\u00e9 du Parlement, mais j&rsquo;aurais pr\u00e9f\u00e9r\u00e9 qu&rsquo;il y ait un contact pr\u00e9alable. <Cette d\u00e9cision est tomb\u00e9e comme un couperet et il y avait peu de volont\u00e9 de dialoguer avec nous<\/strong>\u00ab\u00a0, a ajout\u00e9 le directeur de course, qui a \u00e9galement exprim\u00e9 son espoir de revenir en 2027 : \u00ab\u00a0Nous ferons tout notre possible pour que ce ne soit qu&rsquo;un revers temporaire et non la fin du Tour de Norv\u00e8ge\u00a0\u00bb.<\/p>\n","protected":false},"excerpt":{"rendered":"<p>Le Tour de Norv\u00e8ge 2026 n&rsquo;aura pas lieu, ni la course masculine, ni la course f\u00e9minine. Les organisateurs de la course scandinave ont annonc\u00e9 que les deux courses, pr\u00e9vues respectivement du 28 au 31 mai et du 30 mai au 1er juin, n&rsquo;auront pas lieu suite \u00e0 la d\u00e9cision du gouvernement de r\u00e9duire les subventions &hellip;<\/p>\n","protected":false},"author":20,"featured_media":163184,"comment_status":"open","ping_status":"open","sticky":false,"template":"","format":"standard","meta":{"footnotes":""},"categories":[3],"tags":[],"class_list":["post-163185","post","type-post","status-publish","format-standard","has-post-thumbnail","hentry","category-autre"],"_links":{"self":[{"href":"https:\/\/cyclingpro.net\/velopro\/wp-json\/wp\/v2\/posts\/163185","targetHints":{"allow":["GET"]}}],"collection":[{"href":"https:\/\/cyclingpro.net\/velopro\/wp-json\/wp\/v2\/posts"}],"about":[{"href":"https:\/\/cyclingpro.net\/velopro\/wp-json\/wp\/v2\/types\/post"}],"author":[{"embeddable":true,"href":"https:\/\/cyclingpro.net\/velopro\/wp-json\/wp\/v2\/users\/20"}],"replies":[{"embeddable":true,"href":"https:\/\/cyclingpro.net\/velopro\/wp-json\/wp\/v2\/comments?post=163185"}],"version-history":[{"count":0,"href":"https:\/\/cyclingpro.net\/velopro\/wp-json\/wp\/v2\/posts\/163185\/revisions"}],"wp:featuredmedia":[{"embeddable":true,"href":"https:\/\/cyclingpro.net\/velopro\/wp-json\/wp\/v2\/media\/163184"}],"wp:attachment":[{"href":"https:\/\/cyclingpro.net\/velopro\/wp-json\/wp\/v2\/media?parent=163185"}],"wp:term":[{"taxonomy":"category","embeddable":true,"href":"https:\/\/cyclingpro.net\/velopro\/wp-json\/wp\/v2\/categories?post=163185"},{"taxonomy":"post_tag","embeddable":true,"href":"https:\/\/cyclingpro.net\/velopro\/wp-json\/wp\/v2\/tags?post=163185"}],"curies":[{"name":"wp","href":"https:\/\/api.w.org\/{rel}","templated":true}]}}