{"id":163183,"date":"2025-12-08T15:05:16","date_gmt":"2025-12-08T14:05:16","guid":{"rendered":"https:\/\/cyclingpro.net\/velopro\/uncategorized\/ineos-grenadiers-larrivee-de-jack-haig-officialisee-tres-fier-de-faire-partie-de-lune-des-meilleures-et-des-plus-ambitieuses-equipes-au-monde\/"},"modified":"2025-12-08T15:05:16","modified_gmt":"2025-12-08T14:05:16","slug":"ineos-grenadiers-larrivee-de-jack-haig-officialisee-tres-fier-de-faire-partie-de-lune-des-meilleures-et-des-plus-ambitieuses-equipes-au-monde","status":"publish","type":"post","link":"https:\/\/cyclingpro.net\/velopro\/autre\/ineos-grenadiers-larrivee-de-jack-haig-officialisee-tres-fier-de-faire-partie-de-lune-des-meilleures-et-des-plus-ambitieuses-equipes-au-monde\/","title":{"rendered":"INEOS Grenadiers, l&rsquo;arriv\u00e9e de Jack Haig officialis\u00e9e : \u00a0\u00bb Tr\u00e8s fier de faire partie de l&rsquo;une des meilleures et des plus ambitieuses \u00e9quipes au monde \u00ab\u00a0."},"content":{"rendered":"<p><strong>Jack Haig<\/strong> rejoint l&rsquo;\u00e9quipe des <strong>Ineos Grenadiers<\/strong>. Confirmant les rumeurs de ces derniers jours, l&rsquo;\u00e9quipe britannique a officialis\u00e9 la signature du grimpeur australien, qui a sign\u00e9 un contrat valable jusqu&rsquo;\u00e0 la fin de l&rsquo;ann\u00e9e 2027. Capable de monter sur le podium final de la Vuelta a Espa\u00f1a 2021, en terminant troisi\u00e8me, le coureur de 32 ans n&rsquo;a pas \u00e9t\u00e9 en mesure de reproduire un tel r\u00e9sultat ces derni\u00e8res saisons, mais a n\u00e9anmoins obtenu quelques places dans des courses par \u00e9tapes, tout en apportant son soutien \u00e0 ses co\u00e9quipiers et en transmettant son exp\u00e9rience \u00e0 de plus jeunes coureurs.<\/p>\n<p>\u00ab\u00a0Je suis vraiment ravi de rejoindre les INEOS Grenadiers\u00a0\u00bb, a d\u00e9clar\u00e9 Haig, \u00ab\u00a0c&rsquo;est une \u00e9quipe que je suis de pr\u00e8s depuis sa cr\u00e9ation et qui a obtenu d&rsquo;excellents r\u00e9sultats tout au long de son histoire. <Faire partie de l'une des meilleures et des plus ambitieuses \u00e9quipes au monde, connue pour son professionnalisme et ses normes extr\u00eamement \u00e9lev\u00e9es, est quelque chose dont je suis tr\u00e8s fier<\/strong>. J&rsquo;ai h\u00e2te que la saison commence, de rencontrer mes nouveaux co\u00e9quipiers et de contribuer \u00e0 l&rsquo;obtention de nouveaux succ\u00e8s. <Je suis \u00e9galement impatient de pouvoir soutenir certains des jeunes talents qui ont rejoint l'\u00e9quipe<\/strong>\u00ab\u00a0.<\/p>\n<p>\u00ab\u00a0J&rsquo;ai couru c\u00f4te \u00e0 c\u00f4te avec Jack pendant de nombreuses ann\u00e9es et il m&rsquo;a toujours impressionn\u00e9\u00a0\u00bb, a d\u00e9clar\u00e9 le nouveau directeur technique <strong>Geraint Thomas<\/strong>. <strong>Il est un combattant et un travailleur acharn\u00e9, et il sait ce qu&rsquo;il faut faire pour monter sur le podium d&rsquo;un Grand<\/strong> <strong>Giro<\/strong>. Je suis s\u00fbr qu&rsquo;il jouera un r\u00f4le important dans ce que nous voulons accomplir dans les ann\u00e9es \u00e0 venir.<\/p>\n","protected":false},"excerpt":{"rendered":"<p>Jack Haig rejoint l&rsquo;\u00e9quipe des Ineos Grenadiers. Confirmant les rumeurs de ces derniers jours, l&rsquo;\u00e9quipe britannique a officialis\u00e9 la signature du grimpeur australien, qui a sign\u00e9 un contrat valable jusqu&rsquo;\u00e0 la fin de l&rsquo;ann\u00e9e 2027. Capable de monter sur le podium final de la Vuelta a Espa\u00f1a 2021, en terminant troisi\u00e8me, le coureur de 32 &hellip;<\/p>\n","protected":false},"author":20,"featured_media":163182,"comment_status":"open","ping_status":"open","sticky":false,"template":"","format":"standard","meta":{"footnotes":""},"categories":[3],"tags":[],"class_list":["post-163183","post","type-post","status-publish","format-standard","has-post-thumbnail","hentry","category-autre"],"_links":{"self":[{"href":"https:\/\/cyclingpro.net\/velopro\/wp-json\/wp\/v2\/posts\/163183","targetHints":{"allow":["GET"]}}],"collection":[{"href":"https:\/\/cyclingpro.net\/velopro\/wp-json\/wp\/v2\/posts"}],"about":[{"href":"https:\/\/cyclingpro.net\/velopro\/wp-json\/wp\/v2\/types\/post"}],"author":[{"embeddable":true,"href":"https:\/\/cyclingpro.net\/velopro\/wp-json\/wp\/v2\/users\/20"}],"replies":[{"embeddable":true,"href":"https:\/\/cyclingpro.net\/velopro\/wp-json\/wp\/v2\/comments?post=163183"}],"version-history":[{"count":0,"href":"https:\/\/cyclingpro.net\/velopro\/wp-json\/wp\/v2\/posts\/163183\/revisions"}],"wp:featuredmedia":[{"embeddable":true,"href":"https:\/\/cyclingpro.net\/velopro\/wp-json\/wp\/v2\/media\/163182"}],"wp:attachment":[{"href":"https:\/\/cyclingpro.net\/velopro\/wp-json\/wp\/v2\/media?parent=163183"}],"wp:term":[{"taxonomy":"category","embeddable":true,"href":"https:\/\/cyclingpro.net\/velopro\/wp-json\/wp\/v2\/categories?post=163183"},{"taxonomy":"post_tag","embeddable":true,"href":"https:\/\/cyclingpro.net\/velopro\/wp-json\/wp\/v2\/tags?post=163183"}],"curies":[{"name":"wp","href":"https:\/\/api.w.org\/{rel}","templated":true}]}}