{"id":163181,"date":"2025-12-08T11:08:36","date_gmt":"2025-12-08T10:08:36","guid":{"rendered":"https:\/\/cyclingpro.net\/velopro\/uncategorized\/xds-astana-prend-egalement-thomas-silva-de-caja-rural-rga\/"},"modified":"2025-12-08T11:08:36","modified_gmt":"2025-12-08T10:08:36","slug":"xds-astana-prend-egalement-thomas-silva-de-caja-rural-rga","status":"publish","type":"post","link":"https:\/\/cyclingpro.net\/velopro\/autre\/xds-astana-prend-egalement-thomas-silva-de-caja-rural-rga\/","title":{"rendered":"XDS Astana prend \u00e9galement Thomas Silva de Caja Rural-RGA"},"content":{"rendered":"<p>Thomas Silva d\u00e9barque dans le World Tour avec XDS Astana. Le coureur uruguayen poursuit sa progression en signant un contrat de deux ans avec la formation sino-kazakhstanaise, quittant ainsi pr\u00e9matur\u00e9ment Caja Rural &#8211; RGA, avec laquelle il s&rsquo;\u00e9tait impos\u00e9 ces derni\u00e8res saisons gr\u00e2ce \u00e0 son endurance et \u00e0 sa rapidit\u00e9 de sprint qui lui ont permis de s&rsquo;illustrer sur le calendrier europ\u00e9en. Champion d&rsquo;Uruguay en titre, il a remport\u00e9 au cours de la saison \u00e9coul\u00e9e le classement de la montagne de la Vuelta a Andaluc\u00eda, une \u00e9tape du Tour du lac Qinghai, terminant deuxi\u00e8me du classement g\u00e9n\u00e9ral, et une \u00e9tape du Grande Pr\u00e9mio Internacional Beiras e Serra da Estrela, et a \u00e9galement fr\u00f4l\u00e9 le podium lors du GP Miguel Indurain et du GP du Morbihan.<\/p>\n<p>\u00ab\u00a0Je suis tr\u00e8s heureux et motiv\u00e9 par l&rsquo;opportunit\u00e9 de faire un grand pas en avant et d&rsquo;arriver dans le WorldTour avec une \u00e9quipe historique et prestigieuse comme XDS Astana\u00a0\u00bb, a comment\u00e9 le jeune homme de 2001. \u00ab\u00a0J&rsquo;ai h\u00e2te de rejoindre l&rsquo;\u00e9quipe, de commencer la nouvelle saison, et ma motivation est \u00e0 son plus haut niveau ! Il y a beaucoup de travail \u00e0 faire, mais je suis pr\u00eat \u00e0 tout donner pour continuer \u00e0 progresser en tant que coureur professionnel\u00a0\u00bb.<\/p>\n<p>Alexandr Vinokourov, directeur de l&rsquo;\u00e9quipe, a comment\u00e9 la signature de Thomas Silva en ces termes : \u00ab\u00a0Ces derni\u00e8res ann\u00e9es, Thomas Silva s&rsquo;est consid\u00e9rablement d\u00e9velopp\u00e9 et ses progr\u00e8s ont \u00e9t\u00e9 tr\u00e8s \u00e9vidents, de sorte que son passage au WorldTour n&rsquo;\u00e9tait qu&rsquo;une question de temps. Je suis ravi que nous soyons parvenus \u00e0 un accord avec la direction de Caja Rural &#8211; Seguros RGA et que nous ayons pu r\u00e9aliser ce transfert avant le d\u00e9but de l&rsquo;ann\u00e9e 2026. Je crois que dans notre \u00e9quipe, Thomas aura tout ce dont il a besoin pour poursuivre la dynamique qu&rsquo;il a construite au cours des deux derni\u00e8res saisons.\u00a0\u00bb<\/p>\n","protected":false},"excerpt":{"rendered":"<p>Thomas Silva d\u00e9barque dans le World Tour avec XDS Astana. Le coureur uruguayen poursuit sa progression en signant un contrat de deux ans avec la formation sino-kazakhstanaise, quittant ainsi pr\u00e9matur\u00e9ment Caja Rural &#8211; RGA, avec laquelle il s&rsquo;\u00e9tait impos\u00e9 ces derni\u00e8res saisons gr\u00e2ce \u00e0 son endurance et \u00e0 sa rapidit\u00e9 de sprint qui lui ont &hellip;<\/p>\n","protected":false},"author":20,"featured_media":163180,"comment_status":"open","ping_status":"open","sticky":false,"template":"","format":"standard","meta":{"footnotes":""},"categories":[3],"tags":[],"class_list":["post-163181","post","type-post","status-publish","format-standard","has-post-thumbnail","hentry","category-autre"],"_links":{"self":[{"href":"https:\/\/cyclingpro.net\/velopro\/wp-json\/wp\/v2\/posts\/163181","targetHints":{"allow":["GET"]}}],"collection":[{"href":"https:\/\/cyclingpro.net\/velopro\/wp-json\/wp\/v2\/posts"}],"about":[{"href":"https:\/\/cyclingpro.net\/velopro\/wp-json\/wp\/v2\/types\/post"}],"author":[{"embeddable":true,"href":"https:\/\/cyclingpro.net\/velopro\/wp-json\/wp\/v2\/users\/20"}],"replies":[{"embeddable":true,"href":"https:\/\/cyclingpro.net\/velopro\/wp-json\/wp\/v2\/comments?post=163181"}],"version-history":[{"count":0,"href":"https:\/\/cyclingpro.net\/velopro\/wp-json\/wp\/v2\/posts\/163181\/revisions"}],"wp:featuredmedia":[{"embeddable":true,"href":"https:\/\/cyclingpro.net\/velopro\/wp-json\/wp\/v2\/media\/163180"}],"wp:attachment":[{"href":"https:\/\/cyclingpro.net\/velopro\/wp-json\/wp\/v2\/media?parent=163181"}],"wp:term":[{"taxonomy":"category","embeddable":true,"href":"https:\/\/cyclingpro.net\/velopro\/wp-json\/wp\/v2\/categories?post=163181"},{"taxonomy":"post_tag","embeddable":true,"href":"https:\/\/cyclingpro.net\/velopro\/wp-json\/wp\/v2\/tags?post=163181"}],"curies":[{"name":"wp","href":"https:\/\/api.w.org\/{rel}","templated":true}]}}