{"id":163177,"date":"2025-12-08T08:15:12","date_gmt":"2025-12-08T07:15:12","guid":{"rendered":"https:\/\/cyclingpro.net\/velopro\/uncategorized\/cofidis-maillot-inchange-pour-2026\/"},"modified":"2025-12-08T08:15:12","modified_gmt":"2025-12-08T07:15:12","slug":"cofidis-maillot-inchange-pour-2026","status":"publish","type":"post","link":"https:\/\/cyclingpro.net\/velopro\/autre\/cofidis-maillot-inchange-pour-2026\/","title":{"rendered":"Cofidis, maillot inchang\u00e9 pour 2026"},"content":{"rendered":"<p>Cofidis confirme sa stabilit\u00e9. Comme par le pass\u00e9, la formation fran\u00e7aise conserve le m\u00eame maillot d&rsquo;une ann\u00e9e sur l&rsquo;autre, confirmant cette fois la nouvelle tenue utilis\u00e9e la saison derni\u00e8re, qui proposait quelques nouveaut\u00e9s chromatiques par rapport aux pr\u00e9c\u00e9dentes. L&rsquo;uniforme r\u00e9alis\u00e9 pour la deuxi\u00e8me ann\u00e9e cons\u00e9cutive par Exteondo est toujours domin\u00e9 par le rouge avec deux nuances diff\u00e9rentes s\u00e9par\u00e9es horizontalement, tandis que les manches sont jaunes et le short noir. La seule diff\u00e9rence est l&rsquo;ajout d&rsquo;un sponsor technique.<\/p>\n","protected":false},"excerpt":{"rendered":"<p>Cofidis confirme sa stabilit\u00e9. Comme par le pass\u00e9, la formation fran\u00e7aise conserve le m\u00eame maillot d&rsquo;une ann\u00e9e sur l&rsquo;autre, confirmant cette fois la nouvelle tenue utilis\u00e9e la saison derni\u00e8re, qui proposait quelques nouveaut\u00e9s chromatiques par rapport aux pr\u00e9c\u00e9dentes. L&rsquo;uniforme r\u00e9alis\u00e9 pour la deuxi\u00e8me ann\u00e9e cons\u00e9cutive par Exteondo est toujours domin\u00e9 par le rouge avec deux &hellip;<\/p>\n","protected":false},"author":20,"featured_media":163176,"comment_status":"open","ping_status":"open","sticky":false,"template":"","format":"standard","meta":{"footnotes":""},"categories":[3],"tags":[],"class_list":["post-163177","post","type-post","status-publish","format-standard","has-post-thumbnail","hentry","category-autre"],"_links":{"self":[{"href":"https:\/\/cyclingpro.net\/velopro\/wp-json\/wp\/v2\/posts\/163177","targetHints":{"allow":["GET"]}}],"collection":[{"href":"https:\/\/cyclingpro.net\/velopro\/wp-json\/wp\/v2\/posts"}],"about":[{"href":"https:\/\/cyclingpro.net\/velopro\/wp-json\/wp\/v2\/types\/post"}],"author":[{"embeddable":true,"href":"https:\/\/cyclingpro.net\/velopro\/wp-json\/wp\/v2\/users\/20"}],"replies":[{"embeddable":true,"href":"https:\/\/cyclingpro.net\/velopro\/wp-json\/wp\/v2\/comments?post=163177"}],"version-history":[{"count":0,"href":"https:\/\/cyclingpro.net\/velopro\/wp-json\/wp\/v2\/posts\/163177\/revisions"}],"wp:featuredmedia":[{"embeddable":true,"href":"https:\/\/cyclingpro.net\/velopro\/wp-json\/wp\/v2\/media\/163176"}],"wp:attachment":[{"href":"https:\/\/cyclingpro.net\/velopro\/wp-json\/wp\/v2\/media?parent=163177"}],"wp:term":[{"taxonomy":"category","embeddable":true,"href":"https:\/\/cyclingpro.net\/velopro\/wp-json\/wp\/v2\/categories?post=163177"},{"taxonomy":"post_tag","embeddable":true,"href":"https:\/\/cyclingpro.net\/velopro\/wp-json\/wp\/v2\/tags?post=163177"}],"curies":[{"name":"wp","href":"https:\/\/api.w.org\/{rel}","templated":true}]}}