{"id":163175,"date":"2025-12-08T08:00:37","date_gmt":"2025-12-08T07:00:37","guid":{"rendered":"https:\/\/cyclingpro.net\/velopro\/uncategorized\/il-y-a-un-an-cdm-ciclocross-la-deception-des-organisateurs-apres-lannulation-de-lepreuve-de-cabras-decision-prise-a-contrecoeur-mais-la-securite-reste-la-priorite\/"},"modified":"2025-12-08T08:00:37","modified_gmt":"2025-12-08T07:00:37","slug":"il-y-a-un-an-cdm-ciclocross-la-deception-des-organisateurs-apres-lannulation-de-lepreuve-de-cabras-decision-prise-a-contrecoeur-mais-la-securite-reste-la-priorite","status":"publish","type":"post","link":"https:\/\/cyclingpro.net\/velopro\/autre\/il-y-a-un-an-cdm-ciclocross-la-deception-des-organisateurs-apres-lannulation-de-lepreuve-de-cabras-decision-prise-a-contrecoeur-mais-la-securite-reste-la-priorite\/","title":{"rendered":"Il y a un an&#8230;CDM Ciclocross, la d\u00e9ception des organisateurs apr\u00e8s l&rsquo;annulation de l&rsquo;\u00e9preuve de Cabras : \u00ab\u00a0D\u00e9cision prise \u00e0 contrec\u0153ur, mais la s\u00e9curit\u00e9 reste la priorit\u00e9\u00a0\u00bb."},"content":{"rendered":"<p>L&rsquo;\u00e9tape italienne de la <strong>Coupe du monde de cyclocross 2024\/2025<\/strong> devait avoir lieu aujourd&rsquo;hui mais, comme on le sait, la course a \u00e9t\u00e9 annul\u00e9e. Les vents forts qui ont frapp\u00e9 la Sardaigne et <strong>Cabras<\/strong>, l&rsquo;endroit qui aurait accueilli les courses sur la plage Is Arutas, <a href=\"https:\/\/cyclingpro.net\/spaziociclismo\/altro\/ciclocross\/cdm-ciclocross-ufficiale-annullata-la-manche-di-cabras\/\">ont contraint les organisateurs et l&rsquo;UCI \u00e0 annuler l&rsquo;\u00e9v\u00e9nement<\/a> parce que la s\u00e9curit\u00e9 ne pouvait pas \u00eatre garantie pour les athl\u00e8tes, le public et toutes les personnes impliqu\u00e9es. L&rsquo;amertume est \u00e9videmment grande, surtout pour ceux qui ont travaill\u00e9 pendant des mois \u00e0 la mise en place de cet \u00e9v\u00e9nement, qui rempla\u00e7ait cette ann\u00e9e celui qui s&rsquo;\u00e9tait d\u00e9roul\u00e9 sur la neige de Val di Sole lors des trois derni\u00e8res \u00e9ditions de l&rsquo;\u00e9v\u00e9nement UCI.<\/p>\n<p>Nous sommes profond\u00e9ment d\u00e9sol\u00e9s de l&rsquo;annulation de l&rsquo;\u00e9v\u00e9nement\u00a0\u00bb, a d\u00e9clar\u00e9 <strong>Luca Massa<\/strong>, pr\u00e9sident de Crazy Wheels (la soci\u00e9t\u00e9 organisatrice de l&rsquo;\u00e9v\u00e9nement), \u00ab\u00a0Apr\u00e8s des mois de travail acharn\u00e9 de la part du comit\u00e9 d&rsquo;organisation et beaucoup de passion, nous partageons la d\u00e9ception de tous ceux qui attendaient ce jour avec impatience<\/strong>, mais la s\u00e9curit\u00e9 des athl\u00e8tes et du public reste notre priorit\u00e9\u00a0\u00bb. Ce n&rsquo;est cependant pas la fin de notre Parcours : <strong>nous reviendrons l&rsquo;ann\u00e9e prochaine, plus forts et plus motiv\u00e9s que jamais<\/strong>, forts des retours positifs que nous avons re\u00e7us des coureurs sur le parcours de beaut\u00e9, pour vous offrir une exp\u00e9rience encore plus extraordinaire. Nous vous remercions de votre soutien et de votre compr\u00e9hension.<\/p>\n<p>\u00ab\u00a0<strong>C&rsquo;est une d\u00e9cision que nous avons prise \u00e0 contrec\u0153ur<\/strong>\u00ab\u00a0, <em>Sporza<\/em> <strong>Tomas Van Den Spiegel<\/strong>, PDG de Flanders Classics (qui organise la Coupe), a ajout\u00e9 au micro de <em>Sporza<\/em>. \u00ab\u00a0Beaucoup de ressources financi\u00e8res, y compris localement, et beaucoup de temps ont \u00e9t\u00e9 investis au cours des derniers mois. C&rsquo;\u00e9tait une d\u00e9cision \u00e9motionnelle pour les gens d&rsquo;ici. Ils y ont travaill\u00e9 pendant longtemps et ont fait de leur mieux pour que la Coupe du monde ait lieu ici. <strong>Mais la s\u00e9curit\u00e9 a \u00e9t\u00e9 la seule constante dans toutes les discussions<\/strong>\u00ab\u00a0.<\/p>\n<p>L&rsquo;annulation, qui aura des cons\u00e9quences financi\u00e8res \u00ab\u00a0difficiles \u00e0 d\u00e9finir pour le moment\u00a0\u00bb, a \u00e9t\u00e9 d\u00e9cid\u00e9e apr\u00e8s avoir \u00e9cart\u00e9 la possibilit\u00e9 de reporter l&rsquo;\u00e9preuve d&rsquo;un jour : \u00ab\u00a0Nous avons pens\u00e9 qu&rsquo;il serait sage de ne pas provoquer un chaos encore plus grand. <D'un point de vue logistique, il aurait \u00e9t\u00e9 difficile de tout reporter \u00e0 lundi\", conclut Van Der Spiegel.\n<\/p>\n","protected":false},"excerpt":{"rendered":"<p>L&rsquo;\u00e9tape italienne de la Coupe du monde de cyclocross 2024\/2025 devait avoir lieu aujourd&rsquo;hui mais, comme on le sait, la course a \u00e9t\u00e9 annul\u00e9e. Les vents forts qui ont frapp\u00e9 la Sardaigne et Cabras, l&rsquo;endroit qui aurait accueilli les courses sur la plage Is Arutas, ont contraint les organisateurs et l&rsquo;UCI \u00e0 annuler l&rsquo;\u00e9v\u00e9nement parce &hellip;<\/p>\n","protected":false},"author":20,"featured_media":163174,"comment_status":"open","ping_status":"open","sticky":false,"template":"","format":"standard","meta":{"footnotes":""},"categories":[3],"tags":[],"class_list":["post-163175","post","type-post","status-publish","format-standard","has-post-thumbnail","hentry","category-autre"],"_links":{"self":[{"href":"https:\/\/cyclingpro.net\/velopro\/wp-json\/wp\/v2\/posts\/163175","targetHints":{"allow":["GET"]}}],"collection":[{"href":"https:\/\/cyclingpro.net\/velopro\/wp-json\/wp\/v2\/posts"}],"about":[{"href":"https:\/\/cyclingpro.net\/velopro\/wp-json\/wp\/v2\/types\/post"}],"author":[{"embeddable":true,"href":"https:\/\/cyclingpro.net\/velopro\/wp-json\/wp\/v2\/users\/20"}],"replies":[{"embeddable":true,"href":"https:\/\/cyclingpro.net\/velopro\/wp-json\/wp\/v2\/comments?post=163175"}],"version-history":[{"count":0,"href":"https:\/\/cyclingpro.net\/velopro\/wp-json\/wp\/v2\/posts\/163175\/revisions"}],"wp:featuredmedia":[{"embeddable":true,"href":"https:\/\/cyclingpro.net\/velopro\/wp-json\/wp\/v2\/media\/163174"}],"wp:attachment":[{"href":"https:\/\/cyclingpro.net\/velopro\/wp-json\/wp\/v2\/media?parent=163175"}],"wp:term":[{"taxonomy":"category","embeddable":true,"href":"https:\/\/cyclingpro.net\/velopro\/wp-json\/wp\/v2\/categories?post=163175"},{"taxonomy":"post_tag","embeddable":true,"href":"https:\/\/cyclingpro.net\/velopro\/wp-json\/wp\/v2\/tags?post=163175"}],"curies":[{"name":"wp","href":"https:\/\/api.w.org\/{rel}","templated":true}]}}