{"id":163173,"date":"2025-12-07T19:20:23","date_gmt":"2025-12-07T18:20:23","guid":{"rendered":"https:\/\/cyclingpro.net\/velopro\/uncategorized\/visma-lease-a-bike-petit-contretemps-pour-wout-van-aert-avant-ses-debuts-en-cyclocross-le-belge-sest-arrete-quelques-jours-pour-cause-de-grippe\/"},"modified":"2025-12-07T19:20:23","modified_gmt":"2025-12-07T18:20:23","slug":"visma-lease-a-bike-petit-contretemps-pour-wout-van-aert-avant-ses-debuts-en-cyclocross-le-belge-sest-arrete-quelques-jours-pour-cause-de-grippe","status":"publish","type":"post","link":"https:\/\/cyclingpro.net\/velopro\/autre\/visma-lease-a-bike-petit-contretemps-pour-wout-van-aert-avant-ses-debuts-en-cyclocross-le-belge-sest-arrete-quelques-jours-pour-cause-de-grippe\/","title":{"rendered":"Visma | Lease a Bike, petit contretemps pour Wout Van Aert avant ses d\u00e9buts en cyclocross : le Belge s&rsquo;est arr\u00eat\u00e9 quelques jours pour cause de grippe"},"content":{"rendered":"<p>L&rsquo;heure du d\u00e9but de saison en cyclo-cross approche pour <strong>Wout Van Aert<\/strong>, mais il a d\u00fb faire face \u00e0 un petit contretemps. Le Belge, qui devrait faire ses d\u00e9buts <a href=\"https:\/\/cyclingpro.net\/spaziociclismo\/altro\/ciclocross\/vismalease-a-bike-ufficiale-il-programma-di-ciclocross-di-wout-van-aert-otto-gare-in-agenda-debutto-ad-anversa-sabato-20-dicembre\/\">lors de la manche de Coupe du monde d&rsquo;Anvers le samedi 20 d\u00e9cembre<\/a>, a d\u00fb interrompre sa pr\u00e9paration pendant quelques jours en raison (probablement) d&rsquo;une grippe, comme en t\u00e9moigne l&rsquo;activit\u00e9 affich\u00e9e sur son profil <em>Strava<\/em> hier. Le coureur de <strong>Visma | Lease a Bike<\/strong> a p\u00e9dal\u00e9 pendant un peu plus de 41 minutes en utilisant des rouleaux avec la plateforme Rouvy, titrant l&rsquo;entra\u00eenement \u00ab\u00a0Premi\u00e8re sortie apr\u00e8s quelques jours\u00a0\u00bb avec un emoji de thermom\u00e8tre \u00e0 c\u00f4t\u00e9.<\/p>\n<p>Un petit contretemps qui, \u00e0 deux semaines de l&rsquo;\u00e9ch\u00e9ance, ne devrait toutefois pas compromettre la premi\u00e8re des huit courses de cyclo-cross inscrites \u00e0 son calendrier, dont cinq l&rsquo;opposeront \u00e0 son rival Mathieu Van Der Poel. Quoi qu&rsquo;il en soit, le coureur de 31 ans s&rsquo;est entra\u00een\u00e9 aujourd&rsquo;hui en plein air, pendant deux heures et sur une distance de 62 kilom\u00e8tres.<\/p>\n\n","protected":false},"excerpt":{"rendered":"<p>L&rsquo;heure du d\u00e9but de saison en cyclo-cross approche pour Wout Van Aert, mais il a d\u00fb faire face \u00e0 un petit contretemps. Le Belge, qui devrait faire ses d\u00e9buts lors de la manche de Coupe du monde d&rsquo;Anvers le samedi 20 d\u00e9cembre, a d\u00fb interrompre sa pr\u00e9paration pendant quelques jours en raison (probablement) d&rsquo;une grippe, &hellip;<\/p>\n","protected":false},"author":20,"featured_media":163172,"comment_status":"open","ping_status":"open","sticky":false,"template":"","format":"standard","meta":{"footnotes":""},"categories":[3],"tags":[],"class_list":["post-163173","post","type-post","status-publish","format-standard","has-post-thumbnail","hentry","category-autre"],"_links":{"self":[{"href":"https:\/\/cyclingpro.net\/velopro\/wp-json\/wp\/v2\/posts\/163173","targetHints":{"allow":["GET"]}}],"collection":[{"href":"https:\/\/cyclingpro.net\/velopro\/wp-json\/wp\/v2\/posts"}],"about":[{"href":"https:\/\/cyclingpro.net\/velopro\/wp-json\/wp\/v2\/types\/post"}],"author":[{"embeddable":true,"href":"https:\/\/cyclingpro.net\/velopro\/wp-json\/wp\/v2\/users\/20"}],"replies":[{"embeddable":true,"href":"https:\/\/cyclingpro.net\/velopro\/wp-json\/wp\/v2\/comments?post=163173"}],"version-history":[{"count":0,"href":"https:\/\/cyclingpro.net\/velopro\/wp-json\/wp\/v2\/posts\/163173\/revisions"}],"wp:featuredmedia":[{"embeddable":true,"href":"https:\/\/cyclingpro.net\/velopro\/wp-json\/wp\/v2\/media\/163172"}],"wp:attachment":[{"href":"https:\/\/cyclingpro.net\/velopro\/wp-json\/wp\/v2\/media?parent=163173"}],"wp:term":[{"taxonomy":"category","embeddable":true,"href":"https:\/\/cyclingpro.net\/velopro\/wp-json\/wp\/v2\/categories?post=163173"},{"taxonomy":"post_tag","embeddable":true,"href":"https:\/\/cyclingpro.net\/velopro\/wp-json\/wp\/v2\/tags?post=163173"}],"curies":[{"name":"wp","href":"https:\/\/api.w.org\/{rel}","templated":true}]}}