{"id":163171,"date":"2025-12-07T18:15:00","date_gmt":"2025-12-07T17:15:00","guid":{"rendered":"https:\/\/cyclingpro.net\/velopro\/uncategorized\/six-jours-de-rotterdam-2025-renversement-final-et-succes-pour-vincent-hoppezak-et-yanne-dorenbos\/"},"modified":"2025-12-07T18:15:00","modified_gmt":"2025-12-07T17:15:00","slug":"six-jours-de-rotterdam-2025-renversement-final-et-succes-pour-vincent-hoppezak-et-yanne-dorenbos","status":"publish","type":"post","link":"https:\/\/cyclingpro.net\/velopro\/autre\/six-jours-de-rotterdam-2025-renversement-final-et-succes-pour-vincent-hoppezak-et-yanne-dorenbos\/","title":{"rendered":"Six jours de Rotterdam 2025, renversement final et succ\u00e8s pour Vincent Hoppezak et Yanne Dorenbos"},"content":{"rendered":"<p>Ce sont <strong>Vincent Hoppezak<\/strong> et <strong>Yanne Dorenbos<\/strong> qui sont les vainqueurs des <strong>Six Days of Rotterdam 2025<\/strong>. Les deux N\u00e9erlandais ont sign\u00e9 un v\u00e9ritable retournement de situation puisqu&rsquo;ils ont entam\u00e9 la derni\u00e8re journ\u00e9e de l&rsquo;\u00e9preuve sur piste en troisi\u00e8me position, \u00e0 deux tours et \u00e0 22 points des leaders <strong>Fabio Van Den Bossche<\/strong> et <strong>Lindsay De Vylder<\/strong>. Champions d&rsquo;Europe en titre en Madison, Hoppezak et Dorenbos ont rattrap\u00e9 un tour sur 300 points (chaque 100 points rapporte un tour) dans la deuxi\u00e8me des quatre courses au programme, mais c&rsquo;est dans la derni\u00e8re manche, le Madison, qu&rsquo;ils ont achev\u00e9 leur remont\u00e9e et doubl\u00e9.<\/p>\n<p>Les N\u00e9erlandais, qui avaient alors un tour de retard et devaient rattraper 36 points sur les nouveaux leaders <strong>Yoeri Havik<\/strong> et <strong>I\u00fari Leit\u00e3o<\/strong>, ont r\u00e9ussi \u00e0 gagner deux tours, ce qui leur a permis de d\u00e9passer tout le monde et de remporter l&rsquo;\u00e9preuve malgr\u00e9 un score (334 points) inf\u00e9rieur \u00e0 la fois \u00e0 <strong>Havik-Leit\u00e3o<\/strong> (388 points) et \u00e0 <strong>Van Den Bossche-De Vylder<\/strong> (360 points).<\/p>\n<p>Dans les autres cat\u00e9gories, c&rsquo;est la Britannique <strong>Josie Knight<\/strong> qui a triomph\u00e9 devant <strong>Yuli Van Der Molen<\/strong> et <strong>Lonneke Uneken<\/strong>, qui \u00e9taient respectivement \u00e0 35 et 49 points des 142 du vainqueur, tandis que dans l&rsquo;\u00e9preuve de sprint <strong>Harrie Lavreysen<\/strong> a battu <strong>Matthew Richardson<\/strong> pour s&rsquo;imposer avec 90 points contre 86 pour le Britannique.<\/p>\n","protected":false},"excerpt":{"rendered":"<p>Ce sont Vincent Hoppezak et Yanne Dorenbos qui sont les vainqueurs des Six Days of Rotterdam 2025. Les deux N\u00e9erlandais ont sign\u00e9 un v\u00e9ritable retournement de situation puisqu&rsquo;ils ont entam\u00e9 la derni\u00e8re journ\u00e9e de l&rsquo;\u00e9preuve sur piste en troisi\u00e8me position, \u00e0 deux tours et \u00e0 22 points des leaders Fabio Van Den Bossche et Lindsay &hellip;<\/p>\n","protected":false},"author":20,"featured_media":163170,"comment_status":"open","ping_status":"open","sticky":false,"template":"","format":"standard","meta":{"footnotes":""},"categories":[3],"tags":[],"class_list":["post-163171","post","type-post","status-publish","format-standard","has-post-thumbnail","hentry","category-autre"],"_links":{"self":[{"href":"https:\/\/cyclingpro.net\/velopro\/wp-json\/wp\/v2\/posts\/163171","targetHints":{"allow":["GET"]}}],"collection":[{"href":"https:\/\/cyclingpro.net\/velopro\/wp-json\/wp\/v2\/posts"}],"about":[{"href":"https:\/\/cyclingpro.net\/velopro\/wp-json\/wp\/v2\/types\/post"}],"author":[{"embeddable":true,"href":"https:\/\/cyclingpro.net\/velopro\/wp-json\/wp\/v2\/users\/20"}],"replies":[{"embeddable":true,"href":"https:\/\/cyclingpro.net\/velopro\/wp-json\/wp\/v2\/comments?post=163171"}],"version-history":[{"count":0,"href":"https:\/\/cyclingpro.net\/velopro\/wp-json\/wp\/v2\/posts\/163171\/revisions"}],"wp:featuredmedia":[{"embeddable":true,"href":"https:\/\/cyclingpro.net\/velopro\/wp-json\/wp\/v2\/media\/163170"}],"wp:attachment":[{"href":"https:\/\/cyclingpro.net\/velopro\/wp-json\/wp\/v2\/media?parent=163171"}],"wp:term":[{"taxonomy":"category","embeddable":true,"href":"https:\/\/cyclingpro.net\/velopro\/wp-json\/wp\/v2\/categories?post=163171"},{"taxonomy":"post_tag","embeddable":true,"href":"https:\/\/cyclingpro.net\/velopro\/wp-json\/wp\/v2\/tags?post=163171"}],"curies":[{"name":"wp","href":"https:\/\/api.w.org\/{rel}","templated":true}]}}