{"id":163167,"date":"2025-12-07T16:18:17","date_gmt":"2025-12-07T15:18:17","guid":{"rendered":"https:\/\/cyclingpro.net\/velopro\/uncategorized\/cdm-cyclocross-michael-vanthourenhout-simpose-a-terralba-au-terme-dune-course-tres-equilibree-8eme-filippo-agostinacchio\/"},"modified":"2025-12-07T16:18:17","modified_gmt":"2025-12-07T15:18:17","slug":"cdm-cyclocross-michael-vanthourenhout-simpose-a-terralba-au-terme-dune-course-tres-equilibree-8eme-filippo-agostinacchio","status":"publish","type":"post","link":"https:\/\/cyclingpro.net\/velopro\/autre\/cdm-cyclocross-michael-vanthourenhout-simpose-a-terralba-au-terme-dune-course-tres-equilibree-8eme-filippo-agostinacchio\/","title":{"rendered":"CDM Cyclocross, Michael Vanthourenhout s&rsquo;impose \u00e0 Terralba au terme d&rsquo;une course tr\u00e8s \u00e9quilibr\u00e9e &#8211; 8\u00e8me Filippo Agostinacchio"},"content":{"rendered":"<p>Triomphe de Michael Vanthourenhout dans l&rsquo;\u00e9preuve \u00e9lite masculine de la Coupe du Monde de Cyclo-cross 2025\/2026 \u00e0 Terralba. Le Belge de Pauwels Sauzen-Altez Industriebouw a pris le dessus dans une course qui s&rsquo;est av\u00e9r\u00e9e tr\u00e8s \u00e9quilibr\u00e9e, o\u00f9 personne n&rsquo;a pu faire la diff\u00e9rence au cours des neuf tours au programme, le coureur de presque 32 ans ne parvenant \u00e0 prendre qu&rsquo;une marge courte, mais d\u00e9cisive, dans le final pour remporter sa troisi\u00e8me victoire de la saison. Derri\u00e8re lui, la deuxi\u00e8me place est revenue \u00e0 Joris Nieuwenhuis (Ridley Racing Team) et la troisi\u00e8me \u00e0 Laurens Sweeck (Crelan-Corendon), tandis que Filippo Agostinacchio (EF Education &#8211; EasyPost) a pris une belle huiti\u00e8me place.<\/p>\n<p><em>Plus d&rsquo;informations<\/em> \u00e0 venir<\/p>\n","protected":false},"excerpt":{"rendered":"<p>Triomphe de Michael Vanthourenhout dans l&rsquo;\u00e9preuve \u00e9lite masculine de la Coupe du Monde de Cyclo-cross 2025\/2026 \u00e0 Terralba. Le Belge de Pauwels Sauzen-Altez Industriebouw a pris le dessus dans une course qui s&rsquo;est av\u00e9r\u00e9e tr\u00e8s \u00e9quilibr\u00e9e, o\u00f9 personne n&rsquo;a pu faire la diff\u00e9rence au cours des neuf tours au programme, le coureur de presque 32 &hellip;<\/p>\n","protected":false},"author":20,"featured_media":163166,"comment_status":"open","ping_status":"open","sticky":false,"template":"","format":"standard","meta":{"footnotes":""},"categories":[3],"tags":[],"class_list":["post-163167","post","type-post","status-publish","format-standard","has-post-thumbnail","hentry","category-autre"],"_links":{"self":[{"href":"https:\/\/cyclingpro.net\/velopro\/wp-json\/wp\/v2\/posts\/163167","targetHints":{"allow":["GET"]}}],"collection":[{"href":"https:\/\/cyclingpro.net\/velopro\/wp-json\/wp\/v2\/posts"}],"about":[{"href":"https:\/\/cyclingpro.net\/velopro\/wp-json\/wp\/v2\/types\/post"}],"author":[{"embeddable":true,"href":"https:\/\/cyclingpro.net\/velopro\/wp-json\/wp\/v2\/users\/20"}],"replies":[{"embeddable":true,"href":"https:\/\/cyclingpro.net\/velopro\/wp-json\/wp\/v2\/comments?post=163167"}],"version-history":[{"count":0,"href":"https:\/\/cyclingpro.net\/velopro\/wp-json\/wp\/v2\/posts\/163167\/revisions"}],"wp:featuredmedia":[{"embeddable":true,"href":"https:\/\/cyclingpro.net\/velopro\/wp-json\/wp\/v2\/media\/163166"}],"wp:attachment":[{"href":"https:\/\/cyclingpro.net\/velopro\/wp-json\/wp\/v2\/media?parent=163167"}],"wp:term":[{"taxonomy":"category","embeddable":true,"href":"https:\/\/cyclingpro.net\/velopro\/wp-json\/wp\/v2\/categories?post=163167"},{"taxonomy":"post_tag","embeddable":true,"href":"https:\/\/cyclingpro.net\/velopro\/wp-json\/wp\/v2\/tags?post=163167"}],"curies":[{"name":"wp","href":"https:\/\/api.w.org\/{rel}","templated":true}]}}