{"id":163165,"date":"2025-12-07T14:39:50","date_gmt":"2025-12-07T13:39:50","guid":{"rendered":"https:\/\/cyclingpro.net\/velopro\/uncategorized\/ef-education-easypost-james-shaw-renouvelle-son-contrat-pour-un-an\/"},"modified":"2025-12-07T14:39:50","modified_gmt":"2025-12-07T13:39:50","slug":"ef-education-easypost-james-shaw-renouvelle-son-contrat-pour-un-an","status":"publish","type":"post","link":"https:\/\/cyclingpro.net\/velopro\/autre\/ef-education-easypost-james-shaw-renouvelle-son-contrat-pour-un-an\/","title":{"rendered":"EF Education &#8211; EasyPost, James Shaw renouvelle son contrat pour un an"},"content":{"rendered":"<p>Les routes de <strong>James Shaw<\/strong> et de l&rsquo;<strong>EF Education-EasyPost<\/strong> vont repartir ensemble. Le cycliste britannique, n\u00e9 en 1996, a renouvel\u00e9 son contrat avec l&rsquo;\u00e9quipe am\u00e9ricaine pour une nouvelle saison. C&rsquo;est Shaw lui-m\u00eame qui l&rsquo;a annonc\u00e9 \u00e0 ses fans via un vlog publi\u00e9 sur sa cha\u00eene YouTube. L&rsquo;Anglais roulera donc \u00e0 nouveau avec EF Education, prolongeant ainsi la relation qui dure depuis 2022. Cette ann\u00e9e, le natif de Nottingham a notamment couru le Giro d&rsquo;Italia en soutien \u00e0 l&rsquo;\u00c9quatorien Richard Carapaz et la Vuelta a Espa\u00f1a, o\u00f9 il a b\u00e9n\u00e9fici\u00e9 de plus de libert\u00e9 et a pu r\u00e9aliser son meilleur r\u00e9sultat de la saison, une sixi\u00e8me place lors de l&rsquo;\u00e9tape vers Andorre.<\/p>\n","protected":false},"excerpt":{"rendered":"<p>Les routes de James Shaw et de l&rsquo;EF Education-EasyPost vont repartir ensemble. Le cycliste britannique, n\u00e9 en 1996, a renouvel\u00e9 son contrat avec l&rsquo;\u00e9quipe am\u00e9ricaine pour une nouvelle saison. C&rsquo;est Shaw lui-m\u00eame qui l&rsquo;a annonc\u00e9 \u00e0 ses fans via un vlog publi\u00e9 sur sa cha\u00eene YouTube. L&rsquo;Anglais roulera donc \u00e0 nouveau avec EF Education, prolongeant &hellip;<\/p>\n","protected":false},"author":20,"featured_media":163164,"comment_status":"open","ping_status":"open","sticky":false,"template":"","format":"standard","meta":{"footnotes":""},"categories":[3],"tags":[],"class_list":["post-163165","post","type-post","status-publish","format-standard","has-post-thumbnail","hentry","category-autre"],"_links":{"self":[{"href":"https:\/\/cyclingpro.net\/velopro\/wp-json\/wp\/v2\/posts\/163165","targetHints":{"allow":["GET"]}}],"collection":[{"href":"https:\/\/cyclingpro.net\/velopro\/wp-json\/wp\/v2\/posts"}],"about":[{"href":"https:\/\/cyclingpro.net\/velopro\/wp-json\/wp\/v2\/types\/post"}],"author":[{"embeddable":true,"href":"https:\/\/cyclingpro.net\/velopro\/wp-json\/wp\/v2\/users\/20"}],"replies":[{"embeddable":true,"href":"https:\/\/cyclingpro.net\/velopro\/wp-json\/wp\/v2\/comments?post=163165"}],"version-history":[{"count":0,"href":"https:\/\/cyclingpro.net\/velopro\/wp-json\/wp\/v2\/posts\/163165\/revisions"}],"wp:featuredmedia":[{"embeddable":true,"href":"https:\/\/cyclingpro.net\/velopro\/wp-json\/wp\/v2\/media\/163164"}],"wp:attachment":[{"href":"https:\/\/cyclingpro.net\/velopro\/wp-json\/wp\/v2\/media?parent=163165"}],"wp:term":[{"taxonomy":"category","embeddable":true,"href":"https:\/\/cyclingpro.net\/velopro\/wp-json\/wp\/v2\/categories?post=163165"},{"taxonomy":"post_tag","embeddable":true,"href":"https:\/\/cyclingpro.net\/velopro\/wp-json\/wp\/v2\/tags?post=163165"}],"curies":[{"name":"wp","href":"https:\/\/api.w.org\/{rel}","templated":true}]}}