{"id":163163,"date":"2025-12-07T14:31:28","date_gmt":"2025-12-07T13:31:28","guid":{"rendered":"https:\/\/cyclingpro.net\/velopro\/uncategorized\/cdm-cyclocross-lucinda-brand-conquiert-aussi-terralba-4eme-sara-casasola-8eme-rebecca-gariboldi-9eme-lucia-bramati\/"},"modified":"2025-12-07T14:31:28","modified_gmt":"2025-12-07T13:31:28","slug":"cdm-cyclocross-lucinda-brand-conquiert-aussi-terralba-4eme-sara-casasola-8eme-rebecca-gariboldi-9eme-lucia-bramati","status":"publish","type":"post","link":"https:\/\/cyclingpro.net\/velopro\/autre\/cdm-cyclocross-lucinda-brand-conquiert-aussi-terralba-4eme-sara-casasola-8eme-rebecca-gariboldi-9eme-lucia-bramati\/","title":{"rendered":"CDM Cyclocross, Lucinda Brand conquiert aussi Terralba &#8211; 4\u00e8me Sara Casasola, 8\u00e8me Rebecca Gariboldi, 9\u00e8me Lucia Bramati"},"content":{"rendered":"<p>Lucinda Brand continue sur sa lanc\u00e9e en Coupe du Monde de Cyclo-cross. L&rsquo;ancienne championne du monde s&rsquo;est \u00e9galement clairement impos\u00e9e dans l&rsquo;\u00e9preuve de Terralba, triomphant seule pour la premi\u00e8re fois en Italie, un succ\u00e8s qui l&rsquo;a vue triompher presque en larmes au moment de franchir la ligne d&rsquo;arriv\u00e9e. Deuxi\u00e8me position pour Anniek van Alphen qui, en terminant sa course \u00e0 vingt secondes de la gagnante, conserve le leadership au classement g\u00e9n\u00e9ral, tandis que Shirin Van Anrooj, co\u00e9quipi\u00e8re de la gagnante, compl\u00e8te le podium. Quatri\u00e8me \u00e0 la place de Sara Casasola, avec un retard de 1&rsquo;02\u00a0\u00bb sur Leonine Bentveld au sprint.<\/p>\n","protected":false},"excerpt":{"rendered":"<p>Lucinda Brand continue sur sa lanc\u00e9e en Coupe du Monde de Cyclo-cross. L&rsquo;ancienne championne du monde s&rsquo;est \u00e9galement clairement impos\u00e9e dans l&rsquo;\u00e9preuve de Terralba, triomphant seule pour la premi\u00e8re fois en Italie, un succ\u00e8s qui l&rsquo;a vue triompher presque en larmes au moment de franchir la ligne d&rsquo;arriv\u00e9e. Deuxi\u00e8me position pour Anniek van Alphen qui, &hellip;<\/p>\n","protected":false},"author":20,"featured_media":163162,"comment_status":"open","ping_status":"open","sticky":false,"template":"","format":"standard","meta":{"footnotes":""},"categories":[3],"tags":[],"class_list":["post-163163","post","type-post","status-publish","format-standard","has-post-thumbnail","hentry","category-autre"],"_links":{"self":[{"href":"https:\/\/cyclingpro.net\/velopro\/wp-json\/wp\/v2\/posts\/163163","targetHints":{"allow":["GET"]}}],"collection":[{"href":"https:\/\/cyclingpro.net\/velopro\/wp-json\/wp\/v2\/posts"}],"about":[{"href":"https:\/\/cyclingpro.net\/velopro\/wp-json\/wp\/v2\/types\/post"}],"author":[{"embeddable":true,"href":"https:\/\/cyclingpro.net\/velopro\/wp-json\/wp\/v2\/users\/20"}],"replies":[{"embeddable":true,"href":"https:\/\/cyclingpro.net\/velopro\/wp-json\/wp\/v2\/comments?post=163163"}],"version-history":[{"count":0,"href":"https:\/\/cyclingpro.net\/velopro\/wp-json\/wp\/v2\/posts\/163163\/revisions"}],"wp:featuredmedia":[{"embeddable":true,"href":"https:\/\/cyclingpro.net\/velopro\/wp-json\/wp\/v2\/media\/163162"}],"wp:attachment":[{"href":"https:\/\/cyclingpro.net\/velopro\/wp-json\/wp\/v2\/media?parent=163163"}],"wp:term":[{"taxonomy":"category","embeddable":true,"href":"https:\/\/cyclingpro.net\/velopro\/wp-json\/wp\/v2\/categories?post=163163"},{"taxonomy":"post_tag","embeddable":true,"href":"https:\/\/cyclingpro.net\/velopro\/wp-json\/wp\/v2\/tags?post=163163"}],"curies":[{"name":"wp","href":"https:\/\/api.w.org\/{rel}","templated":true}]}}