{"id":163161,"date":"2025-12-07T11:59:36","date_gmt":"2025-12-07T10:59:36","guid":{"rendered":"https:\/\/cyclingpro.net\/velopro\/uncategorized\/transferts-2026-welsford-epis-giacomo-villa-venturini-cevini-huyet\/"},"modified":"2025-12-07T11:59:36","modified_gmt":"2025-12-07T10:59:36","slug":"transferts-2026-welsford-epis-giacomo-villa-venturini-cevini-huyet","status":"publish","type":"post","link":"https:\/\/cyclingpro.net\/velopro\/autre\/transferts-2026-welsford-epis-giacomo-villa-venturini-cevini-huyet\/","title":{"rendered":"Transferts 2026 : Welsford, Epis, Giacomo Villa, Venturini, Cevini, Huyet"},"content":{"rendered":"<p>Ce n&rsquo;est m\u00eame pas en d\u00e9cembre que le <strong>march\u00e9 du cyclisme<\/strong> s&rsquo;arr\u00eate. Les n\u00e9gociations dans le monde du cyclisme se poursuivent, tandis que de nombreuses \u00e9quipes entament ces jours-ci leurs pr\u00e9paratifs pour la saison \u00e0 venir. Le nom br\u00fblant de cette p\u00e9riode reste <a href=\"https:\/\/cyclingpro.net\/spaziociclismo\/ciclomercato\/ciclomercato-2026-ineos-grenadiers-in-fase-di-stallo-ma-in-arrivo-potrebbero-esserci-jack-haig-e-sam-welsford\/\" target=\"_blank\" rel=\"noopener\"><strong>Sam Welsford<\/strong><\/a>, dont le contrat arrive \u00e0 \u00e9ch\u00e9ance avec Red Bull &#8211; BORA &#8211; hansgrohe. Le sprinteur a longtemps \u00e9t\u00e9 approch\u00e9 par les <strong>INEOS-Grenadiers<\/strong>, qui n&rsquo;ont pas encore fait d&rsquo;annonce. Pourtant, l&rsquo;affaire serait d\u00e9j\u00e0 faite, et pas seulement : le journaliste Daniel Benson rapporte que l&rsquo;Australien de la promotion 96 s&rsquo;entra\u00eene d\u00e9j\u00e0 avec l&rsquo;\u00e9quipe britannique en Espagne, dans le cadre du camp d&rsquo;entra\u00eenement qui donne le coup d&rsquo;envoi de la pr\u00e9paration pour 2026. Bref, son transfert est d\u00e9sormais un \u00ab\u00a0secret de polichinelle\u00a0\u00bb, qui n&rsquo;attend plus que l&rsquo;officialisation de l&rsquo;\u00e9quipe.<\/p>\n<p>En parlant d&rsquo;officialisations qui n&rsquo;ont pas encore \u00e9t\u00e9 confirm\u00e9es, il semble que <strong>Giacomo Villa <\/strong>et <strong>Giosu\u00e8 Epis <\/strong>aient tous deux trouv\u00e9 un logement pour 2026. Laiss\u00e9s sans contrat suite \u00e0 la fermeture respective de Wagner Bazin WB et des h\u00f4tels Ark\u00e9a B&amp;B, ils devraient s&rsquo;installer chez <strong>Petrolike<\/strong>, une structure mexicaine disposant d&rsquo;une licence Continental. L\u00e0 encore, il ne manquerait plus que l&rsquo;officialit\u00e9 de l&rsquo;\u00e9quipe.<\/p>\n<p>D&rsquo;autre part, Cl\u00e9ment Venturini, le sprinter d&rsquo;Ark\u00e9a B&amp;B Hotels qui a \u00e9galement \u00e9t\u00e9 laiss\u00e9 \u00ab\u00a0en rade\u00a0\u00bb apr\u00e8s la faillite de l&rsquo;\u00e9quipe, attend toujours des r\u00e9ponses quant \u00e0 son avenir. Le Fran\u00e7ais, septuple champion national de cyclo-cross, a \u00e9t\u00e9 honor\u00e9 en tant que vainqueur du classement de la Coupe de France 2025, dans laquelle il a triomph\u00e9 gr\u00e2ce \u00e0 des classements r\u00e9guliers au cours de la saison, bien qu&rsquo;il n&rsquo;ait jamais gagn\u00e9 cette ann\u00e9e. <a href=\"https:\/\/www.ouest-france.fr\/sport\/cyclisme\/cyclisme-ni-confiant-ni-pessimiste-mais-realiste-clement-venturini-toujours-sans-contrat-f643d0be-d1ae-11f0-a0f2-b2a4fbd1e8d9\" target=\"_blank\" rel=\"noopener\">Dans une interview accord\u00e9e \u00e0 <em>Ouest-France<\/em><\/a>, le sprinteur s&rsquo;est d\u00e9clar\u00e9 \u00a0\u00bb ni optimiste ni pessimiste pour la saison prochaine, mais r\u00e9aliste \u00a0\u00bb : s&rsquo;il n&rsquo;a pas encore de contrat, les contacts qu&rsquo;il a nou\u00e9s sont nombreux et pourraient lui permettre de percer. Pour l&rsquo;instant, il est donc trop t\u00f4t pour \u00e9voquer une \u00e9ventuelle retraite.<\/p>\n<p>En revanche, <strong>Peter Cevini<\/strong>, qui s&rsquo;est install\u00e9 chez <strong>Anicolor \/ Tien 21<\/strong>, une \u00e9quipe continentale portugaise, a trouv\u00e9 un point de chute pour 2026. L&rsquo;homme de 91 ans a d\u00e9clar\u00e9 : \u00ab\u00a0Je suis tr\u00e8s heureux de rejoindre cette \u00e9quipe en 2026 et j&rsquo;esp\u00e8re donner le meilleur de moi-m\u00eame pour aider mes co\u00e9quipiers et l&rsquo;\u00e9quipe \u00e0 atteindre ses objectifs\u00a0\u00bb. Cette ann\u00e9e, l&rsquo;homme de 34 ans a couru avec APHotels&amp;Resorts \/ Tavira \/ SC Farense.<\/p>\n<p>Finalement, il a accept\u00e9 un transfert vers un Continental <strong>Baptiste Huyet<\/strong>. Le joueur de 25 ans, qui n&rsquo;a pas renouvel\u00e9 son contrat avec Unibet Tietema Rockets, a sign\u00e9 avec <strong>BIKE AID<\/strong>, o\u00f9 il tentera de relancer sa carri\u00e8re apr\u00e8s deux ann\u00e9es peu inspirantes avec la formation Professional.<\/p>\n","protected":false},"excerpt":{"rendered":"<p>Ce n&rsquo;est m\u00eame pas en d\u00e9cembre que le march\u00e9 du cyclisme s&rsquo;arr\u00eate. Les n\u00e9gociations dans le monde du cyclisme se poursuivent, tandis que de nombreuses \u00e9quipes entament ces jours-ci leurs pr\u00e9paratifs pour la saison \u00e0 venir. Le nom br\u00fblant de cette p\u00e9riode reste Sam Welsford, dont le contrat arrive \u00e0 \u00e9ch\u00e9ance avec Red Bull &#8211; &hellip;<\/p>\n","protected":false},"author":20,"featured_media":163160,"comment_status":"open","ping_status":"open","sticky":false,"template":"","format":"standard","meta":{"footnotes":""},"categories":[3],"tags":[],"class_list":["post-163161","post","type-post","status-publish","format-standard","has-post-thumbnail","hentry","category-autre"],"_links":{"self":[{"href":"https:\/\/cyclingpro.net\/velopro\/wp-json\/wp\/v2\/posts\/163161","targetHints":{"allow":["GET"]}}],"collection":[{"href":"https:\/\/cyclingpro.net\/velopro\/wp-json\/wp\/v2\/posts"}],"about":[{"href":"https:\/\/cyclingpro.net\/velopro\/wp-json\/wp\/v2\/types\/post"}],"author":[{"embeddable":true,"href":"https:\/\/cyclingpro.net\/velopro\/wp-json\/wp\/v2\/users\/20"}],"replies":[{"embeddable":true,"href":"https:\/\/cyclingpro.net\/velopro\/wp-json\/wp\/v2\/comments?post=163161"}],"version-history":[{"count":0,"href":"https:\/\/cyclingpro.net\/velopro\/wp-json\/wp\/v2\/posts\/163161\/revisions"}],"wp:featuredmedia":[{"embeddable":true,"href":"https:\/\/cyclingpro.net\/velopro\/wp-json\/wp\/v2\/media\/163160"}],"wp:attachment":[{"href":"https:\/\/cyclingpro.net\/velopro\/wp-json\/wp\/v2\/media?parent=163161"}],"wp:term":[{"taxonomy":"category","embeddable":true,"href":"https:\/\/cyclingpro.net\/velopro\/wp-json\/wp\/v2\/categories?post=163161"},{"taxonomy":"post_tag","embeddable":true,"href":"https:\/\/cyclingpro.net\/velopro\/wp-json\/wp\/v2\/tags?post=163161"}],"curies":[{"name":"wp","href":"https:\/\/api.w.org\/{rel}","templated":true}]}}