{"id":163157,"date":"2025-12-07T11:02:52","date_gmt":"2025-12-07T10:02:52","guid":{"rendered":"https:\/\/cyclingpro.net\/velopro\/uncategorized\/pas-de-pogacar-ni-de-van-der-poel-marc-madiot-couronne-wout-van-aert-cest-le-coureur-ultime\/"},"modified":"2025-12-07T11:02:52","modified_gmt":"2025-12-07T10:02:52","slug":"pas-de-pogacar-ni-de-van-der-poel-marc-madiot-couronne-wout-van-aert-cest-le-coureur-ultime","status":"publish","type":"post","link":"https:\/\/cyclingpro.net\/velopro\/autre\/pas-de-pogacar-ni-de-van-der-poel-marc-madiot-couronne-wout-van-aert-cest-le-coureur-ultime\/","title":{"rendered":"Pas de Poga\u010dar ni de Van der Poel, Marc Madiot couronne Wout Van Aert : \u00ab\u00a0C&rsquo;est le coureur ultime\u00a0\u00bb."},"content":{"rendered":"<p><strong>Marc Madiot<\/strong> fait l&rsquo;\u00e9loge de <strong>Tadej Poga\u010dar<\/strong> mais couronne <strong>Wout Van Aert<\/strong>. Le team manager de <strong>Groupama-FDJ<\/strong> faisait partie des personnes pr\u00e9sentes \u00e0 la c\u00e9r\u00e9monie de remise du <a href=\"https:\/\/cyclingpro.net\/spaziociclismo\/worldtour\/velo-dor-2025-trionfano-tadej-pogacar-e-pauline-ferrand-prevot-premiato-anche-matteo-trentin\/\" target=\"_blank\" rel=\"noopener\"><strong>V\u00e9lo d&rsquo;Oro 2025<\/strong><\/a>, la cons\u00e9cration d\u00e9cern\u00e9e sur vote de la r\u00e9daction de <em>V\u00e9lo Magazine<\/em> aux meilleurs cyclistes de la saison. Il va sans dire que c&rsquo;est le Slov\u00e8ne qui a \u00e9t\u00e9 \u00e9lu par le jury dans la cat\u00e9gorie hommes, tandis que chez les femmes, c&rsquo;est la Fran\u00e7aise <strong>Pauline Ferrand-Pr\u00e9vot<\/strong> qui a remport\u00e9 son premier succ\u00e8s. Comme \u00e0 l&rsquo;accoutum\u00e9e, lors de la c\u00e9r\u00e9monie de remise des prix, qui s&rsquo;est d\u00e9roul\u00e9e dans la soir\u00e9e du vendredi 5 d\u00e9cembre, des questions ont \u00e9t\u00e9 pos\u00e9es aux invit\u00e9s, dont le num\u00e9ro un de l&rsquo;\u00e9quipe de France.<\/p>\n<p><strong>Marc Madiot <\/strong>n&rsquo;a pas manqu\u00e9 de f\u00e9liciter <strong>Tadej Poga\u010dar<\/strong> : \u00ab\u00a0<strong>Je suis impressionn\u00e9 par sa force mentale<\/strong>. Lorsqu&rsquo;il participe \u00e0 une course, il n&rsquo;est jamais simplement l\u00e0 pour participer. De plus, Tadej a le sens de l&rsquo;histoire du sport. Il respecte la valeur des grandes \u00e9preuves cyclistes. Chapeau. Nous devons le soutenir et l&rsquo;encourager. Parfois, dans la presse, on \u00e9crit : \u00ab\u00a0Pourquoi devrait-il participer \u00e0 Paris-Roubaix ? Il ne devrait pas prendre de risques avant le Tour&#8230;&rsquo;. Non, je ne suis pas d&rsquo;accord. <Dans sa carri\u00e8re, gagner un Roubaix serait aussi important que de gagner le Tour<\/strong>. J&rsquo;esp\u00e8re qu&rsquo;il r\u00e9ussira \u00e0 le gagner un jour\u00a0\u00bb.<\/p>\n<p>Apr\u00e8s les nombreux compliments adress\u00e9s \u00e0 <strong>Tadej Poga\u010dar<\/strong>, <strong>Marc Madiot<\/strong> ne cache cependant pas une certaine sympathie pour un autre coureur du peloton, allant jusqu&rsquo;\u00e0 citer son favori : &lsquo;C&rsquo;est un beau symbole pour le cyclisme, mais en fait je ne suis pas un fan absolu de Tadej Poga\u010dar. <Mon pr\u00e9f\u00e9r\u00e9 est Wout Van Aert. Pour moi, c'est le coureur ultime<\/strong>\u00ab\u00a0. \u00c0 ce stade, le d\u00e9bat est ouvert : le Fran\u00e7ais a-t-il raison de couronner Wout comme le coureur ultime ?<\/p>\n","protected":false},"excerpt":{"rendered":"<p>Marc Madiot fait l&rsquo;\u00e9loge de Tadej Poga\u010dar mais couronne Wout Van Aert. Le team manager de Groupama-FDJ faisait partie des personnes pr\u00e9sentes \u00e0 la c\u00e9r\u00e9monie de remise du V\u00e9lo d&rsquo;Oro 2025, la cons\u00e9cration d\u00e9cern\u00e9e sur vote de la r\u00e9daction de V\u00e9lo Magazine aux meilleurs cyclistes de la saison. Il va sans dire que c&rsquo;est le &hellip;<\/p>\n","protected":false},"author":20,"featured_media":163156,"comment_status":"open","ping_status":"open","sticky":false,"template":"","format":"standard","meta":{"footnotes":""},"categories":[3],"tags":[],"class_list":["post-163157","post","type-post","status-publish","format-standard","has-post-thumbnail","hentry","category-autre"],"_links":{"self":[{"href":"https:\/\/cyclingpro.net\/velopro\/wp-json\/wp\/v2\/posts\/163157","targetHints":{"allow":["GET"]}}],"collection":[{"href":"https:\/\/cyclingpro.net\/velopro\/wp-json\/wp\/v2\/posts"}],"about":[{"href":"https:\/\/cyclingpro.net\/velopro\/wp-json\/wp\/v2\/types\/post"}],"author":[{"embeddable":true,"href":"https:\/\/cyclingpro.net\/velopro\/wp-json\/wp\/v2\/users\/20"}],"replies":[{"embeddable":true,"href":"https:\/\/cyclingpro.net\/velopro\/wp-json\/wp\/v2\/comments?post=163157"}],"version-history":[{"count":0,"href":"https:\/\/cyclingpro.net\/velopro\/wp-json\/wp\/v2\/posts\/163157\/revisions"}],"wp:featuredmedia":[{"embeddable":true,"href":"https:\/\/cyclingpro.net\/velopro\/wp-json\/wp\/v2\/media\/163156"}],"wp:attachment":[{"href":"https:\/\/cyclingpro.net\/velopro\/wp-json\/wp\/v2\/media?parent=163157"}],"wp:term":[{"taxonomy":"category","embeddable":true,"href":"https:\/\/cyclingpro.net\/velopro\/wp-json\/wp\/v2\/categories?post=163157"},{"taxonomy":"post_tag","embeddable":true,"href":"https:\/\/cyclingpro.net\/velopro\/wp-json\/wp\/v2\/tags?post=163157"}],"curies":[{"name":"wp","href":"https:\/\/api.w.org\/{rel}","templated":true}]}}