{"id":163155,"date":"2025-12-07T10:22:25","date_gmt":"2025-12-07T09:22:25","guid":{"rendered":"https:\/\/cyclingpro.net\/velopro\/uncategorized\/soudal-quick-step-paul-magnier-le-depart-de-remco-ouvre-de-nouvelles-portes-a-lequipe-je-vais-me-concentrer-sur-les-classiques-et-les-sprints\/"},"modified":"2025-12-07T10:22:25","modified_gmt":"2025-12-07T09:22:25","slug":"soudal-quick-step-paul-magnier-le-depart-de-remco-ouvre-de-nouvelles-portes-a-lequipe-je-vais-me-concentrer-sur-les-classiques-et-les-sprints","status":"publish","type":"post","link":"https:\/\/cyclingpro.net\/velopro\/autre\/soudal-quick-step-paul-magnier-le-depart-de-remco-ouvre-de-nouvelles-portes-a-lequipe-je-vais-me-concentrer-sur-les-classiques-et-les-sprints\/","title":{"rendered":"Soudal Quick-Step, Paul Magnier : \u00ab\u00a0Le d\u00e9part de Remco ouvre de nouvelles portes \u00e0 l&rsquo;\u00e9quipe. Je vais me concentrer sur les classiques et les sprints\u00a0\u00bb."},"content":{"rendered":"<p><strong>Paul Magnier<\/strong> a les id\u00e9es claires sur son 2026. Le coureur fran\u00e7ais a r\u00e9alis\u00e9 une premi\u00e8re ann\u00e9e tr\u00e8s excitante en tant que professionnel, allant chercher 19 succ\u00e8s dont six dans la cat\u00e9gorie World Tour (cinq \u00e9tapes au Guangxi et une en Pologne). A seulement 21 ans, l&rsquo;avenir lui sourit, \u00e0 tel point qu&rsquo;en France et au-del\u00e0, il est pressenti comme l&rsquo;un des espoirs les plus int\u00e9ressants pour les sprints des ann\u00e9es \u00e0 venir. Malgr\u00e9 2025 \u00e0 un haut niveau, il est probable que le coureur de la <strong>Soudal Quick-Step<\/strong> devra attendre encore un peu avant de faire ses d\u00e9buts au <strong>Tour de France<\/strong> : cette ann\u00e9e, il a particip\u00e9 au <strong>Giro d&rsquo;Italia<\/strong>, mais n&rsquo;a pas r\u00e9ussi \u00e0 aller plus loin que la troisi\u00e8me place du sprint \u00e0 Naples.<\/p>\n<p>Dans une <a href=\"https:\/\/www.cyclismactu.net\/news-cyclisme-route-velo-d-or-paul-magnier-le-tour-de-france-ce-ne-sera-pas-pour-moi-en-2026-91143.html\" target=\"_blank\" rel=\"noopener\">interview avec <em>Cyclism&rsquo;Actu<\/em><\/a> accord\u00e9e en marge du <a href=\"https:\/\/cyclingpro.net\/spaziociclismo\/worldtour\/velo-dor-2025-trionfano-tadej-pogacar-e-pauline-ferrand-prevot-premiato-anche-matteo-trentin\/\" target=\"_blank\" rel=\"noopener\"><strong>V\u00e9lo d&rsquo;Or 2025<\/strong><\/a>, o\u00f9 il \u00e9tait nomm\u00e9 pour le <strong>Prix Bernard Hinault<\/strong> du meilleur Fran\u00e7ais de la saison (remport\u00e9 par <strong>Kevin Vauquelin<\/strong>), le sprinteur a \u00e9voqu\u00e9 avec une totale honn\u00eatet\u00e9 ses projets pour 2026 : \u00ab\u00a0<strong>Je ne pense pas courir le Tour de France l&rsquo;ann\u00e9e prochaine<\/strong>. Nous devons encore d\u00e9finir compl\u00e8tement mon calendrier, mais je ne pense pas que j&rsquo;irai sur le Tour parce que Tim Merlier est vraiment un \u00e9l\u00e9ment de base pour l&rsquo;\u00e9quipe en ce moment. Je <strong>pr\u00e9f\u00e8re pr\u00e9parer mes objectifs, comme les autres grands tours, probablement le Giro, et les classiques<\/strong>\u00ab\u00a0.<\/p>\n<p>Mon objectif num\u00e9ro un, ce sont les classiques, mais aussi les sprints\u00a0\u00bb, a r\u00e9affirm\u00e9 le coureur de 2001, \u00ab\u00a0je me suis d\u00e9couvert un vrai talent dans les sprints et j&rsquo;aimerais m&rsquo;am\u00e9liorer dans les classiques\u00a0\u00bb. <Cette ann\u00e9e, nous aurons une \u00e9quipe beaucoup plus forte<\/strong>, avec des coureurs comme Jasper Stuyven et Dylan Van Baarle qui viendront compl\u00e9ter l&rsquo;\u00e9quipe. Cela nous permettra d&rsquo;arriver avec une \u00e9quipe solide et c&rsquo;est \u00e0 moi de trouver ma place. <Je pense que le d\u00e9part de Remco ouvre de nouvelles portes pour l'\u00e9quipe. L'\u00e9quipe se concentre \u00e0 nouveau sur les classiques et cela est \u00e9vident avec l'arriv\u00e9e de coureurs tr\u00e8s forts dans les classiques.\n\nEnfin, <a href=\"https:\/\/cyclingpro.net\/spaziociclismo\/worldtour\/soudal-quick-step-paul-magnier-si-autoesclude-dal-tour-2026-chiaramente-mi-interessa-ma-non-lanno-prossimo\/\"><strong>Paul Magnier <\/strong><\/a> a partag\u00e9 une r\u00e9flexion sur ses qualit\u00e9s et son r\u00f4le possible dans l&rsquo;\u00e9quipe et dans le monde du cyclisme : \u00ab\u00a0Nous ne savons pas encore exactement o\u00f9 je peux me placer dans le monde du cyclisme, je ne le sais pas non plus. Mais l&rsquo;esprit des classiques me convient bien. J&rsquo;aime les courses difficiles, m\u00eame si j&rsquo;ai encore des obstacles \u00e0 surmonter. <Cela me motive beaucoup d'essayer de gagner un jour une Classica Monument<\/strong>.<\/p>\n","protected":false},"excerpt":{"rendered":"<p>Paul Magnier a les id\u00e9es claires sur son 2026. Le coureur fran\u00e7ais a r\u00e9alis\u00e9 une premi\u00e8re ann\u00e9e tr\u00e8s excitante en tant que professionnel, allant chercher 19 succ\u00e8s dont six dans la cat\u00e9gorie World Tour (cinq \u00e9tapes au Guangxi et une en Pologne). A seulement 21 ans, l&rsquo;avenir lui sourit, \u00e0 tel point qu&rsquo;en France et &hellip;<\/p>\n","protected":false},"author":20,"featured_media":163154,"comment_status":"open","ping_status":"open","sticky":false,"template":"","format":"standard","meta":{"footnotes":""},"categories":[3],"tags":[],"class_list":["post-163155","post","type-post","status-publish","format-standard","has-post-thumbnail","hentry","category-autre"],"_links":{"self":[{"href":"https:\/\/cyclingpro.net\/velopro\/wp-json\/wp\/v2\/posts\/163155","targetHints":{"allow":["GET"]}}],"collection":[{"href":"https:\/\/cyclingpro.net\/velopro\/wp-json\/wp\/v2\/posts"}],"about":[{"href":"https:\/\/cyclingpro.net\/velopro\/wp-json\/wp\/v2\/types\/post"}],"author":[{"embeddable":true,"href":"https:\/\/cyclingpro.net\/velopro\/wp-json\/wp\/v2\/users\/20"}],"replies":[{"embeddable":true,"href":"https:\/\/cyclingpro.net\/velopro\/wp-json\/wp\/v2\/comments?post=163155"}],"version-history":[{"count":0,"href":"https:\/\/cyclingpro.net\/velopro\/wp-json\/wp\/v2\/posts\/163155\/revisions"}],"wp:featuredmedia":[{"embeddable":true,"href":"https:\/\/cyclingpro.net\/velopro\/wp-json\/wp\/v2\/media\/163154"}],"wp:attachment":[{"href":"https:\/\/cyclingpro.net\/velopro\/wp-json\/wp\/v2\/media?parent=163155"}],"wp:term":[{"taxonomy":"category","embeddable":true,"href":"https:\/\/cyclingpro.net\/velopro\/wp-json\/wp\/v2\/categories?post=163155"},{"taxonomy":"post_tag","embeddable":true,"href":"https:\/\/cyclingpro.net\/velopro\/wp-json\/wp\/v2\/tags?post=163155"}],"curies":[{"name":"wp","href":"https:\/\/api.w.org\/{rel}","templated":true}]}}