{"id":163153,"date":"2025-12-07T09:45:29","date_gmt":"2025-12-07T08:45:29","guid":{"rendered":"https:\/\/cyclingpro.net\/velopro\/uncategorized\/red-bull-bora-hansgrohe-ancien-formateur-dineos-xabier-artexte-embauche-a-egalement-travaille-en-f1\/"},"modified":"2025-12-07T09:45:29","modified_gmt":"2025-12-07T08:45:29","slug":"red-bull-bora-hansgrohe-ancien-formateur-dineos-xabier-artexte-embauche-a-egalement-travaille-en-f1","status":"publish","type":"post","link":"https:\/\/cyclingpro.net\/velopro\/autre\/red-bull-bora-hansgrohe-ancien-formateur-dineos-xabier-artexte-embauche-a-egalement-travaille-en-f1\/","title":{"rendered":"Red Bull &#8211; BORA &#8211; hansgrohe, ancien formateur d&rsquo;Ineos Xabier Artexte embauch\u00e9 : a \u00e9galement travaill\u00e9 en F1"},"content":{"rendered":"<p>Le <strong>Red Bull &#8211; BORA &#8211; hansgrohe <\/strong>renforce \u00e9galement ses effectifs. Le cuirass\u00e9 WorldTour a sign\u00e9 <strong>Remco Evenepoel <\/strong>cette ann\u00e9e pour franchir une nouvelle \u00e9tape dans les grands tours, apr\u00e8s l&rsquo;arriv\u00e9e de <a href=\"https:\/\/cyclingpro.net\/spaziociclismo\/worldtour\/red-bull-bora-hansgrohe-primoz-roglic-se-ho-vinto-dei-grand-tour-dopo-aver-fatto-salto-con-gli-sci-fino-a-22-anni-chiunque-puo-farcela\/\" target=\"_blank\" rel=\"noopener\"><strong>Primo\u017e Rogli\u010d<\/strong><\/a> en 2024 et l&rsquo;explosion de <a href=\"https:\/\/cyclingpro.net\/spaziociclismo\/worldtour\/red-bull-bora-hansgrohe-florian-lipowitz-scaccia-le-sirene-lidl-trek-avrebbe-gia-prolungato-il-contratto\/\"><strong>Florian Lipowitz<\/strong><\/a>, troisi\u00e8me du Tour de France 2025. Et si le roster devient de plus en plus comp\u00e9titif, le staff ne l&rsquo;est pas moins. On vient en effet d&rsquo;apprendre que la <strong>Red Bull &#8211; BORA &#8211; Hansgrohe<\/strong> s&rsquo;est dot\u00e9e d&rsquo;un nouveau coach performance : <strong>Xabier Artexte<\/strong>, un dresseur de biscuits d\u00e9j\u00e0 bien connu dans le milieu du cyclisme (et au-del\u00e0). Il sera donc l&rsquo;une des nombreuses pi\u00e8ces de la mosa\u00efque pour l&rsquo;assaut des Grands Tours et des Monuments.<\/p>\n<p>Docteur en sciences de l&rsquo;activit\u00e9 physique et du sport avec un master en biom\u00e9decine, <strong>Artexte<\/strong> travaille depuis deux d\u00e9cennies dans le cyclisme : d&rsquo;abord chez les amateurs avec Seguros Bilbao, puis chez les professionnels avec Caja Rural, Movistar et Team Sky. Sa relation avec la formation britannique (aujourd&rsquo;hui INEOS Grenadiers), qui a d\u00e9but\u00e9 en 2014, l&rsquo;a amen\u00e9 \u00e0 s&rsquo;occuper des performances de champions tels que <strong>Chris Froome<\/strong>, <strong>Geraint Thomas<\/strong> et <strong>Egan Bernal<\/strong>, qui ont tous remport\u00e9 un Tour de France. Et c&rsquo;est des <strong>INEOS-Grenadiers<\/strong> qu&rsquo;il est pass\u00e9 \u00e0 <strong>Red Bull-BORA-Hansgrohe<\/strong>, o\u00f9 il suivra principalement <strong>Remco Evenepoel<\/strong>. <Xabier Artexte<\/strong> a l&rsquo;habitude de travailler avec des champions de haut niveau : outre le cyclisme, il a suivi le pilote de Formule 1 Carlos Sainz<\/strong> qui, jusqu&rsquo;\u00e0 l&rsquo;ann\u00e9e derni\u00e8re, courait pour Ferrari. Aujourd&rsquo;hui, c&rsquo;est le d\u00e9but d&rsquo;un nouveau chapitre, avec l&rsquo;id\u00e9e de contribuer au projet de la nouvelle \u00e9quipe.<\/p>\n","protected":false},"excerpt":{"rendered":"<p>Le Red Bull &#8211; BORA &#8211; hansgrohe renforce \u00e9galement ses effectifs. Le cuirass\u00e9 WorldTour a sign\u00e9 Remco Evenepoel cette ann\u00e9e pour franchir une nouvelle \u00e9tape dans les grands tours, apr\u00e8s l&rsquo;arriv\u00e9e de Primo\u017e Rogli\u010d en 2024 et l&rsquo;explosion de Florian Lipowitz, troisi\u00e8me du Tour de France 2025. Et si le roster devient de plus en &hellip;<\/p>\n","protected":false},"author":20,"featured_media":163152,"comment_status":"open","ping_status":"open","sticky":false,"template":"","format":"standard","meta":{"footnotes":""},"categories":[3],"tags":[],"class_list":["post-163153","post","type-post","status-publish","format-standard","has-post-thumbnail","hentry","category-autre"],"_links":{"self":[{"href":"https:\/\/cyclingpro.net\/velopro\/wp-json\/wp\/v2\/posts\/163153","targetHints":{"allow":["GET"]}}],"collection":[{"href":"https:\/\/cyclingpro.net\/velopro\/wp-json\/wp\/v2\/posts"}],"about":[{"href":"https:\/\/cyclingpro.net\/velopro\/wp-json\/wp\/v2\/types\/post"}],"author":[{"embeddable":true,"href":"https:\/\/cyclingpro.net\/velopro\/wp-json\/wp\/v2\/users\/20"}],"replies":[{"embeddable":true,"href":"https:\/\/cyclingpro.net\/velopro\/wp-json\/wp\/v2\/comments?post=163153"}],"version-history":[{"count":0,"href":"https:\/\/cyclingpro.net\/velopro\/wp-json\/wp\/v2\/posts\/163153\/revisions"}],"wp:featuredmedia":[{"embeddable":true,"href":"https:\/\/cyclingpro.net\/velopro\/wp-json\/wp\/v2\/media\/163152"}],"wp:attachment":[{"href":"https:\/\/cyclingpro.net\/velopro\/wp-json\/wp\/v2\/media?parent=163153"}],"wp:term":[{"taxonomy":"category","embeddable":true,"href":"https:\/\/cyclingpro.net\/velopro\/wp-json\/wp\/v2\/categories?post=163153"},{"taxonomy":"post_tag","embeddable":true,"href":"https:\/\/cyclingpro.net\/velopro\/wp-json\/wp\/v2\/tags?post=163153"}],"curies":[{"name":"wp","href":"https:\/\/api.w.org\/{rel}","templated":true}]}}