{"id":163149,"date":"2025-12-07T08:15:48","date_gmt":"2025-12-07T07:15:48","guid":{"rendered":"https:\/\/cyclingpro.net\/velopro\/uncategorized\/video-van-der-poel-risque-une-chute-a-lentrainement-et-tient-le-velo-avec-un-dossard\/"},"modified":"2025-12-07T08:15:48","modified_gmt":"2025-12-07T07:15:48","slug":"video-van-der-poel-risque-une-chute-a-lentrainement-et-tient-le-velo-avec-un-dossard","status":"publish","type":"post","link":"https:\/\/cyclingpro.net\/velopro\/autre\/video-van-der-poel-risque-une-chute-a-lentrainement-et-tient-le-velo-avec-un-dossard\/","title":{"rendered":"VIDEO : Van der Poel risque une chute \u00e0 l&rsquo;entra\u00eenement et tient le v\u00e9lo avec un dossard"},"content":{"rendered":"<p><strong>Mathieu Van der Poel<\/strong> n&rsquo;a pas eu la vie facile, du moins pendant un moment. Le coureur de l&rsquo;<a href=\"https:\/\/cyclingpro.net\/spaziociclismo\/worldtour\/alpecin-premier-tech-nuova-avventura-per-la-multinazionale-canadese-mi-hanno-scritto-in-tanti-ma-con-i-roodhooft-ce-una-bella-connessione\/\" target=\"_blank\" rel=\"noopener\"><strong>Alpecin-Premier Tech<\/strong><\/a>, la saison sur route d\u00e9sormais termin\u00e9e, s&rsquo;entra\u00eene pour les rendez-vous hivernaux, avec le <strong>cyclo-cross <\/strong>en ligne de mire : la date pr\u00e9vue pour ses d\u00e9buts est le 14 d\u00e9cembre, lors de la manche de Coupe du monde de Namur. En attendant, le N\u00e9erlandais peaufine sa condition, s&rsquo;entra\u00eenant tant\u00f4t avec le champion olympique de Rio 2016 <a href=\"https:\/\/cyclingpro.net\/spaziociclismo\/altro\/van-avermaet-si-allena-con-van-der-poel-e-scherza-portero-mathieu-a-fare-triathlon\/\" target=\"_blank\" rel=\"noopener\"><strong>Greg Van Avermaet<\/strong><\/a>, tant\u00f4t avec d&rsquo;autres coll\u00e8gues. Pourtant, les moments difficiles ne manquent pas : dans une vid\u00e9o qui circule sur les r\u00e9seaux sociaux, le N\u00e9erlandais est en train de lancer un sprint lorsqu&rsquo;il perd soudain le contr\u00f4le de son v\u00e9lo (peut-\u00eatre \u00e0 cause d&rsquo;un saut de cha\u00eene ?), risquant une chute d\u00e9sastreuse. Ce n&rsquo;est qu&rsquo;au prix d&rsquo;une belle cascade instinctive qu&rsquo;il parvient \u00e0 r\u00e9cup\u00e9rer sa position, \u00e9vitant ainsi un accident qui aurait pu compromettre sa pr\u00e9paration. Vous trouverez ci-dessous la <strong>vid\u00e9o<\/strong> en question.<\/p>\n<blockquote class=\"twitter-tweet\" data-media-max-width=\"560\">\n<p dir=\"ltr\" lang=\"fr\">Ce sauvetage \u00e0 l&rsquo;entra\u00eenement de Mathieu van der Poel. &#x1f633;<\/p>\n<p>Ce sauvetage \u00e0 l&rsquo;entra\u00eenement de Mathieu van der Poel.<br \/>\n&#038;#x1f4f9 ; Anatole Leb <a href=\"https:\/\/t.co\/qozD5gm9hC\">pic.twitter.com\/qozD5gm9hC<\/a><\/p>\n<p>&#8211; Le Gruppetto (@LeGruppetto) <a href=\"https:\/\/twitter.com\/LeGruppetto\/status\/1997337153303367714?ref_src=twsrc%5Etfw\">6 d\u00e9cembre 2025<\/a><\/p><\/blockquote>\n<p><script async src=\"https:\/\/platform.twitter.com\/widgets.js\" charset=\"utf-8\"><\/script><\/p>\n","protected":false},"excerpt":{"rendered":"<p>Mathieu Van der Poel n&rsquo;a pas eu la vie facile, du moins pendant un moment. Le coureur de l&rsquo;Alpecin-Premier Tech, la saison sur route d\u00e9sormais termin\u00e9e, s&rsquo;entra\u00eene pour les rendez-vous hivernaux, avec le cyclo-cross en ligne de mire : la date pr\u00e9vue pour ses d\u00e9buts est le 14 d\u00e9cembre, lors de la manche de Coupe &hellip;<\/p>\n","protected":false},"author":20,"featured_media":163148,"comment_status":"open","ping_status":"open","sticky":false,"template":"","format":"standard","meta":{"footnotes":""},"categories":[3],"tags":[],"class_list":["post-163149","post","type-post","status-publish","format-standard","has-post-thumbnail","hentry","category-autre"],"_links":{"self":[{"href":"https:\/\/cyclingpro.net\/velopro\/wp-json\/wp\/v2\/posts\/163149","targetHints":{"allow":["GET"]}}],"collection":[{"href":"https:\/\/cyclingpro.net\/velopro\/wp-json\/wp\/v2\/posts"}],"about":[{"href":"https:\/\/cyclingpro.net\/velopro\/wp-json\/wp\/v2\/types\/post"}],"author":[{"embeddable":true,"href":"https:\/\/cyclingpro.net\/velopro\/wp-json\/wp\/v2\/users\/20"}],"replies":[{"embeddable":true,"href":"https:\/\/cyclingpro.net\/velopro\/wp-json\/wp\/v2\/comments?post=163149"}],"version-history":[{"count":0,"href":"https:\/\/cyclingpro.net\/velopro\/wp-json\/wp\/v2\/posts\/163149\/revisions"}],"wp:featuredmedia":[{"embeddable":true,"href":"https:\/\/cyclingpro.net\/velopro\/wp-json\/wp\/v2\/media\/163148"}],"wp:attachment":[{"href":"https:\/\/cyclingpro.net\/velopro\/wp-json\/wp\/v2\/media?parent=163149"}],"wp:term":[{"taxonomy":"category","embeddable":true,"href":"https:\/\/cyclingpro.net\/velopro\/wp-json\/wp\/v2\/categories?post=163149"},{"taxonomy":"post_tag","embeddable":true,"href":"https:\/\/cyclingpro.net\/velopro\/wp-json\/wp\/v2\/tags?post=163149"}],"curies":[{"name":"wp","href":"https:\/\/api.w.org\/{rel}","templated":true}]}}