{"id":163147,"date":"2025-12-07T08:41:23","date_gmt":"2025-12-07T07:41:23","guid":{"rendered":"https:\/\/cyclingpro.net\/velopro\/uncategorized\/six-days-of-rotterdam-2025-van-den-bossche-et-de-vylder-prennent-deux-points-davance-a-une-journee-de-larrivee\/"},"modified":"2025-12-07T08:41:23","modified_gmt":"2025-12-07T07:41:23","slug":"six-days-of-rotterdam-2025-van-den-bossche-et-de-vylder-prennent-deux-points-davance-a-une-journee-de-larrivee","status":"publish","type":"post","link":"https:\/\/cyclingpro.net\/velopro\/autre\/six-days-of-rotterdam-2025-van-den-bossche-et-de-vylder-prennent-deux-points-davance-a-une-journee-de-larrivee\/","title":{"rendered":"Six Days of Rotterdam 2025, Van Den Bossche et De Vylder prennent deux points d&rsquo;avance \u00e0 une journ\u00e9e de l&rsquo;arriv\u00e9e"},"content":{"rendered":"<p>Ce sera une finale haletante qui d\u00e9cidera de la <a href=\"https:\/\/cyclingpro.net\/spaziociclismo\/sintesi-gare\/sei-giorni-di-rotterdam-2025-la-coppia-havik-leitao-resta-al-comando-ma-van-den-bossche-e-de-vylder-si-avvicinano-a-soli-2-punti\/\" target=\"_blank\" rel=\"noopener\"><strong>Les Six Jours de Rotterdam 2025<\/strong><\/a>. Apr\u00e8s la cinqui\u00e8me soir\u00e9e en effet, les champions du monde <strong>Fabio Van Den Bossche<\/strong> et <strong>Lindsay De Vylder<\/strong> ne m\u00e8nent que de deux points sur le duo form\u00e9 par <strong>Yoeri Havik<\/strong> et <strong>I\u00fari Leit\u00e3o<\/strong>, qui \u00e9tait en t\u00eate jusqu&rsquo;\u00e0 la veille. Les deux Belges, vainqueurs il y a quelques semaines des <a href=\"https:\/\/cyclingpro.net\/spaziociclismo\/altro\/pista\/sei-giorni-di-gand-2025-van-den-bossche-e-de-vylder-vincono-nel-finale-viviani-chiude-con-un-terzo-posto\/\" target=\"_blank\" rel=\"noopener\"><strong>Six Jours de Gand 2025<\/strong><\/a>, sont d\u00e9sormais en t\u00eate avec 310 points, les premiers poursuivants, le N\u00e9erlandais et le Portugais, \u00e9tant \u00e0 308. Les N\u00e9erlandais <strong>Vincent Hoppezak <\/strong>et <strong>Yanne Dorenbos<\/strong> se sont gliss\u00e9s \u00e0 deux tours avec 288 points, tandis que le duo hispano-belge <strong>Sebastian Mora <\/strong>et <strong>Robbe Ghys <\/strong> est quatri\u00e8me \u00e0 deux tours avec 208 points. Dans la soir\u00e9e du dimanche 7 d\u00e9cembre se d\u00e9rouleront les \u00e9preuves d\u00e9cisives pour le classement final.<\/p>\n<p>Dans les autres sp\u00e9cialit\u00e9s, <strong>Matthew Richardson<\/strong> a am\u00e9lior\u00e9 le record de la piste en Sprint Cup pour la deuxi\u00e8me fois cette semaine, en bouclant le 200 m\u00e8tres en 9&Prime;645, soit quatorze centi\u00e8mes de mieux qu&rsquo;hier. Gr\u00e2ce \u00e0 cette performance, le N\u00e9erlandais a \u00e9t\u00e9 le meilleur de la journ\u00e9e et m\u00e8ne d\u00e9sormais le classement Sprint apr\u00e8s 25 \u00e9preuves, avec 78 points : seulement deux de plus que le Britannique <strong>Harrie Lavreysen<\/strong>, tandis que l&rsquo;autre N\u00e9erlandais <strong>Jeffrey Hoogland<\/strong> est troisi\u00e8me avec 67 points apr\u00e8s avoir remport\u00e9 le <strong>K<\/strong><strong>eirin<\/strong>.<\/p>\n<p>Chez les femmes, en revanche, c&rsquo;est le coude \u00e0 coude entre <strong>Josie Knight<\/strong>, qui m\u00e8ne \u00e0 113 \u00e0 la veille de la derni\u00e8re journ\u00e9e, et <strong>Yuli van der Molen<\/strong>, deuxi\u00e8me \u00e0 100 apr\u00e8s avoir remport\u00e9 \u00e0 la fois la course contre la montre et la course par \u00e9limination. La Britannique a b\u00e9n\u00e9fici\u00e9 d&rsquo;une excellente performance dans le contre-la-montre par \u00e9quipes mixtes, qu&rsquo;elle a domin\u00e9 avec <strong>Joeri Schaper<\/strong> et <strong>Oskar Winkler<\/strong> dans un temps de 57&Prime;212. Les autres semblent hors course pour la victoire finale : au classement g\u00e9n\u00e9ral, <strong>Lonneke Uneken<\/strong> est troisi\u00e8me avec 66 points, soit pr\u00e8s de 50 de moins que le leader.<\/p>\n","protected":false},"excerpt":{"rendered":"<p>Ce sera une finale haletante qui d\u00e9cidera de la Les Six Jours de Rotterdam 2025. Apr\u00e8s la cinqui\u00e8me soir\u00e9e en effet, les champions du monde Fabio Van Den Bossche et Lindsay De Vylder ne m\u00e8nent que de deux points sur le duo form\u00e9 par Yoeri Havik et I\u00fari Leit\u00e3o, qui \u00e9tait en t\u00eate jusqu&rsquo;\u00e0 la &hellip;<\/p>\n","protected":false},"author":20,"featured_media":163146,"comment_status":"open","ping_status":"open","sticky":false,"template":"","format":"standard","meta":{"footnotes":""},"categories":[3],"tags":[],"class_list":["post-163147","post","type-post","status-publish","format-standard","has-post-thumbnail","hentry","category-autre"],"_links":{"self":[{"href":"https:\/\/cyclingpro.net\/velopro\/wp-json\/wp\/v2\/posts\/163147","targetHints":{"allow":["GET"]}}],"collection":[{"href":"https:\/\/cyclingpro.net\/velopro\/wp-json\/wp\/v2\/posts"}],"about":[{"href":"https:\/\/cyclingpro.net\/velopro\/wp-json\/wp\/v2\/types\/post"}],"author":[{"embeddable":true,"href":"https:\/\/cyclingpro.net\/velopro\/wp-json\/wp\/v2\/users\/20"}],"replies":[{"embeddable":true,"href":"https:\/\/cyclingpro.net\/velopro\/wp-json\/wp\/v2\/comments?post=163147"}],"version-history":[{"count":0,"href":"https:\/\/cyclingpro.net\/velopro\/wp-json\/wp\/v2\/posts\/163147\/revisions"}],"wp:featuredmedia":[{"embeddable":true,"href":"https:\/\/cyclingpro.net\/velopro\/wp-json\/wp\/v2\/media\/163146"}],"wp:attachment":[{"href":"https:\/\/cyclingpro.net\/velopro\/wp-json\/wp\/v2\/media?parent=163147"}],"wp:term":[{"taxonomy":"category","embeddable":true,"href":"https:\/\/cyclingpro.net\/velopro\/wp-json\/wp\/v2\/categories?post=163147"},{"taxonomy":"post_tag","embeddable":true,"href":"https:\/\/cyclingpro.net\/velopro\/wp-json\/wp\/v2\/tags?post=163147"}],"curies":[{"name":"wp","href":"https:\/\/api.w.org\/{rel}","templated":true}]}}