{"id":163142,"date":"2025-12-06T18:39:40","date_gmt":"2025-12-06T17:39:40","guid":{"rendered":"https:\/\/cyclingpro.net\/velopro\/uncategorized\/alpecin-premier-tech-une-nouvelle-aventure-pour-la-multinationale-canadienne-beaucoup-de-gens-mont-ecrit-mais-il-y-a-un-bon-lien-avec-roodhooft\/"},"modified":"2025-12-06T18:39:40","modified_gmt":"2025-12-06T17:39:40","slug":"alpecin-premier-tech-une-nouvelle-aventure-pour-la-multinationale-canadienne-beaucoup-de-gens-mont-ecrit-mais-il-y-a-un-bon-lien-avec-roodhooft","status":"publish","type":"post","link":"https:\/\/cyclingpro.net\/velopro\/autre\/alpecin-premier-tech-une-nouvelle-aventure-pour-la-multinationale-canadienne-beaucoup-de-gens-mont-ecrit-mais-il-y-a-un-bon-lien-avec-roodhooft\/","title":{"rendered":"Alpecin-Premier Tech, une nouvelle aventure pour la multinationale canadienne : \u00ab\u00a0Beaucoup de gens m&rsquo;ont \u00e9crit, mais il y a un bon lien avec Roodhooft\u00a0\u00bb."},"content":{"rendered":"<p>Celle de <strong>Premier Tech<\/strong> est une marque d\u00e9sormais bien connue des amateurs de cyclisme, la multinationale canadienne ayant partag\u00e9 les routes d&rsquo;Astana puis d&rsquo;Israel,<a href=\"https:\/\/cyclingpro.net\/spaziociclismo\/continental\/israel-premier-tech-lo-sponsor-premier-tech-fa-un-passo-indietro-e-diventato-insostenibile-continuare-a-ricoprire-il-ruolo-di-sponsor\/\" target=\"_blank\" rel=\"noopener\"> r\u00e9cemment sortie de l&rsquo;affaire avec la formation dirig\u00e9e par Sylvan Adams<\/a>, devenue alors NSN. La soci\u00e9t\u00e9 dirig\u00e9e par <strong>Jean B\u00e9langer<\/strong> avait cependant imm\u00e9diatement laiss\u00e9 entendre qu&rsquo;elle resterait dans le monde du cyclisme, et c&rsquo;est ce qu&rsquo;elle a fait : <a href=\"https:\/\/cyclingpro.net\/spaziociclismo\/continental\/premier-tech-lazienda-canadese-sceglie-alla-fine-di-unirsi-alla-squadra-francese-st-michel-preference-home-auber93\/\" target=\"_blank\" rel=\"noopener\">il y a d&rsquo;abord eu l&rsquo;accord avec le <strong>St. Michel-Preference Homer-Auverband<\/strong> fran\u00e7ais. Michel-Pr\u00e9f\u00e9rence Homer-Auber 93<\/strong><\/a> (Continental hommes et Professional femmes) et ensuite vint le <a href=\"https:\/\/cyclingpro.net\/spaziociclismo\/worldtour\/alpecin-premiertech-lazienda-canadese-si-lega-al-team-di-mathieu-van-der-poel-fino-al-2028\/\" target=\"_blank\" rel=\"noopener\">nouveau lien avec ce qui est maintenant l&rsquo;ancien Alpecin-Deceuninck, une soci\u00e9t\u00e9 dirig\u00e9e par les fr\u00e8res Christoph et Philip Roodhooft.<\/p>\n<p>Mathieu van der Poel, Jasper Philipsen et les autres coureurs de l&rsquo;\u00e9quipe d\u00e9fendront donc les couleurs d&rsquo;<strong>Alpecin-Premier Tech<\/strong>. \u00ab\u00a0Avec Roodhooft, il y avait d\u00e9j\u00e0 un certain lien, depuis quelques ann\u00e9es\u00a0\u00bb, des propos de B\u00e9langer recueillis par <a href=\"https:\/\/www.wielerflits.nl\/nieuws\/ceo-premier-tech-vond-andere-ploegen-te-opportunistisch\/\" target=\"_blank\" rel=\"noopener\"><em>WielerFlits<\/em><\/a>, \u00ab\u00a0Nous \u00e9tions dans des \u00e9quipes diff\u00e9rentes, mais Philip a toujours gard\u00e9 le canal ouvert avec moi, que ce soit pour un caf\u00e9 ou un message sur WhatsApp de temps en temps.<\/p>\n<p>Ces messages ont peut-\u00eatre fait la diff\u00e9rence dans une situation qui \u00e9voluait rapidement : \u00ab\u00a0Il ne m&rsquo;a jamais dit \u00ab\u00a0quand est-ce que tu viens ? Nous pouvons vous offrir beaucoup plus que les autres ! Nous avons construit une bonne relation au fil des ans et la possibilit\u00e9 de collaborer sur le plan sportif n&rsquo;est apparue qu&rsquo;il y a quelques semaines. <Durant cette p\u00e9riode, j'ai re\u00e7u beaucoup de messages et de courriels, beaucoup de personnes \u00e9taient int\u00e9ress\u00e9es. Mais certains me semblaient assez opportunistes.<\/strong> Avec Roodhooft, les choses sonnaient mieux. Nous pensons \u00e0 long terme et partageons les m\u00eames valeurs.<\/p>\n<p>La pr\u00e9sence d&rsquo;un champion absolu comme Van der Poel dans l&rsquo;\u00e9quipe a-t-elle aid\u00e9 ? \u00ab\u00a0Cela a augment\u00e9 notre int\u00e9r\u00eat\u00a0\u00bb, r\u00e9pond B\u00e9langer, \u00ab\u00a0mais les connexions personnelles ont aid\u00e9. Rejoindre une \u00e9quipe uniquement pour un coureur serait faire preuve d&rsquo;opportunisme. <Attention, Van der Poel est fantastique, mais nous \u00e9valuons tout de la base au sommet : Mathieu est la star, mais la base de l'\u00e9quipe doit \u00eatre solide<\/strong>\u00ab\u00a0.<\/p>\n<p>Sur le plan sportif, B\u00e9langer n&rsquo;a pas l&rsquo;intention de faire grand cas de sa pr\u00e9sence et de celle de \u00ab\u00a0sa\u00a0\u00bb marque : \u00ab\u00a0Aimerions-nous voir VDP remporter la Coupe du monde 2026 au Canada (ce sera \u00e0 Montr\u00e9al &#8211; <em>ndr<\/em>) ? Si cela fait partie des plans d&rsquo;ensemble de l&rsquo;\u00e9quipe, certainement. Ce serait un accomplissement sp\u00e9cial, mais cela ne fait absolument pas partie de notre accord. Nous ne voulons pas influencer le calendrier de l&rsquo;\u00e9quipe. Par ailleurs, il est clair que 2026 sera une ann\u00e9e sp\u00e9ciale pour le cyclisme au Canada. Nous esp\u00e9rons susciter l&rsquo;int\u00e9r\u00eat et que le sport re\u00e7oive l&rsquo;attention qu&rsquo;il m\u00e9rite dans notre pays. <strong>En outre, il est \u00e9galement important pour nous que l&rsquo;\u00e9quipe soit active dans le cyclisme f\u00e9minin et les disciplines tout-terrain : ces aspects ont rendu les Roodhoofts encore plus int\u00e9ressants pour nous<\/strong>.<\/p>\n<p>Enfin, une curiosit\u00e9. \u00ab\u00a0<strong>La course que je r\u00eave secr\u00e8tement de gagner ? La Tour de Lombardie<\/strong> !\u00a0\u00bb, s&rsquo;exclame le chef d&rsquo;entreprise canadien. La d\u00e9claration a d\u00e9clench\u00e9 plus d&rsquo;un sourire parmi les personnes pr\u00e9sentes, y compris les fr\u00e8res Roodhooft, car l&rsquo;\u00e9quipe ne semble pas vraiment avoir ce Monumento en ligne de mire, du moins traditionnellement&#8230; \u00ab\u00a0Eh bien, je n&rsquo;ai jamais particip\u00e9 \u00e0 cette course. <J'esp\u00e8re pouvoir ressentir ce sentiment au moins une fois dans l'ann\u00e9e \u00e0 venir.\n<\/p>\n","protected":false},"excerpt":{"rendered":"<p>Celle de Premier Tech est une marque d\u00e9sormais bien connue des amateurs de cyclisme, la multinationale canadienne ayant partag\u00e9 les routes d&rsquo;Astana puis d&rsquo;Israel, r\u00e9cemment sortie de l&rsquo;affaire avec la formation dirig\u00e9e par Sylvan Adams, devenue alors NSN. La soci\u00e9t\u00e9 dirig\u00e9e par Jean B\u00e9langer avait cependant imm\u00e9diatement laiss\u00e9 entendre qu&rsquo;elle resterait dans le monde du &hellip;<\/p>\n","protected":false},"author":20,"featured_media":163141,"comment_status":"open","ping_status":"open","sticky":false,"template":"","format":"standard","meta":{"footnotes":""},"categories":[3],"tags":[],"class_list":["post-163142","post","type-post","status-publish","format-standard","has-post-thumbnail","hentry","category-autre"],"_links":{"self":[{"href":"https:\/\/cyclingpro.net\/velopro\/wp-json\/wp\/v2\/posts\/163142","targetHints":{"allow":["GET"]}}],"collection":[{"href":"https:\/\/cyclingpro.net\/velopro\/wp-json\/wp\/v2\/posts"}],"about":[{"href":"https:\/\/cyclingpro.net\/velopro\/wp-json\/wp\/v2\/types\/post"}],"author":[{"embeddable":true,"href":"https:\/\/cyclingpro.net\/velopro\/wp-json\/wp\/v2\/users\/20"}],"replies":[{"embeddable":true,"href":"https:\/\/cyclingpro.net\/velopro\/wp-json\/wp\/v2\/comments?post=163142"}],"version-history":[{"count":0,"href":"https:\/\/cyclingpro.net\/velopro\/wp-json\/wp\/v2\/posts\/163142\/revisions"}],"wp:featuredmedia":[{"embeddable":true,"href":"https:\/\/cyclingpro.net\/velopro\/wp-json\/wp\/v2\/media\/163141"}],"wp:attachment":[{"href":"https:\/\/cyclingpro.net\/velopro\/wp-json\/wp\/v2\/media?parent=163142"}],"wp:term":[{"taxonomy":"category","embeddable":true,"href":"https:\/\/cyclingpro.net\/velopro\/wp-json\/wp\/v2\/categories?post=163142"},{"taxonomy":"post_tag","embeddable":true,"href":"https:\/\/cyclingpro.net\/velopro\/wp-json\/wp\/v2\/tags?post=163142"}],"curies":[{"name":"wp","href":"https:\/\/api.w.org\/{rel}","templated":true}]}}