{"id":163138,"date":"2025-12-06T16:42:57","date_gmt":"2025-12-06T15:42:57","guid":{"rendered":"https:\/\/cyclingpro.net\/velopro\/uncategorized\/magasin-general-essegibi-f-lli-curia-davide-de-cassan-complete-le-staff-pour-la-saison-2026\/"},"modified":"2025-12-06T16:42:57","modified_gmt":"2025-12-06T15:42:57","slug":"magasin-general-essegibi-f-lli-curia-davide-de-cassan-complete-le-staff-pour-la-saison-2026","status":"publish","type":"post","link":"https:\/\/cyclingpro.net\/velopro\/autre\/magasin-general-essegibi-f-lli-curia-davide-de-cassan-complete-le-staff-pour-la-saison-2026\/","title":{"rendered":"Magasin g\u00e9n\u00e9ral-Essegibi-F.lli Curia, Davide De Cassan compl\u00e8te le staff pour la saison 2026"},"content":{"rendered":"<p>Le <strong>Magasin g\u00e9n\u00e9ral-Essegibi-F.lli Curia<\/strong> compl\u00e8te son effectif pour la saison 2026. La formation v\u00e9nitienne de Continental aborde la nouvelle ann\u00e9e en s&rsquo;attachant sur le <strong>CicloMercato<\/strong> les services de <strong>Davide De Cassan<\/strong>. La promotion 2002 \u00e9pouse ainsi la fortune d&rsquo;une \u00e9quipe de \u00ab\u00a0son\u00a0\u00bb territoire (il est de V\u00e9rone, l&rsquo;\u00e9quipe est de V\u00e9rone) apr\u00e8s avoir compl\u00e9t\u00e9 son exp\u00e9rience \u00e0 l&rsquo;\u00e9chelle professionnelle avec le maillot de Polti VisitMalta. De Cassan rejoint les autres nouveaux venus d\u00e9j\u00e0 annonc\u00e9s, <a href=\"https:\/\/cyclingpro.net\/spaziociclismo\/ciclomercato\/general-store-essegibi-f-lli-curia-per-il-2026-arriva-ivan-menshov-e-il-figlio-di-quel-denis-menchov-che-vinse-il-giro-ditalia-2009\/\" target=\"_blank\" rel=\"noopener\">\u00e0 savoir Nicol\u00f2 Arrighetti, Andrea Cobalchini, Filippo D&rsquo;Aiuto, Giacomo Dentelli et Ivan Menshov.<\/a><\/p>\n<p>\u00ab\u00a0Je suis tr\u00e8s motiv\u00e9 pour essayer d&rsquo;obtenir le meilleur r\u00e9sultat possible dans chaque course l&rsquo;ann\u00e9e prochaine, en particulier dans celles du calendrier professionnel\u00a0\u00bb, a d\u00e9clar\u00e9 De Cassan. \u00ab\u00a0Mon objectif est de revenir sur le circuit Professional et, s&rsquo;il faut r\u00eaver, peut-\u00eatre m\u00eame sur le WorldTour. Je sens que j&rsquo;ai encore beaucoup \u00e0 donner et j&rsquo;essaierai d&rsquo;\u00eatre parfait \u00e0 l&rsquo;entra\u00eenement et dans toutes les occasions qui se pr\u00e9senteront. Au General Store-Essegibi-F.lli Curia, je suis s\u00fbr de pouvoir compter sur une structure tr\u00e8s solide et les attentes sont \u00e9lev\u00e9es et excellentes. Je crois que c&rsquo;est un environnement dans lequel mon ambition de revenir \u00ab\u00a0de l\u00e0-bas\u00a0\u00bb peut se concr\u00e9tiser.<\/p>\n<p>Le point de vue du directeur sportif <strong>Daniele Calosso<\/strong> : \u00ab\u00a0De Cassan est certainement un athl\u00e8te \u00e9pais. Les deux ann\u00e9es qu&rsquo;il a pass\u00e9es dans les rangs professionnels seront une valeur ajout\u00e9e pour notre \u00e9quipe et pour ses nouveaux co\u00e9quipiers. Il poss\u00e8de une exp\u00e9rience incontestable et le profil d&rsquo;un coureur de haut niveau, qui a d\u00e9cid\u00e9 de tenter un retour dans le peloton professionnel \u00e0 un \u00e2ge o\u00f9 il est encore jeune et o\u00f9 il a certainement encore beaucoup de choses \u00e0 dire. Notre travail visera \u00e0 lui donner tous les outils pour atteindre cet objectif\u00a0\u00bb.<\/p>\n","protected":false},"excerpt":{"rendered":"<p>Le Magasin g\u00e9n\u00e9ral-Essegibi-F.lli Curia compl\u00e8te son effectif pour la saison 2026. La formation v\u00e9nitienne de Continental aborde la nouvelle ann\u00e9e en s&rsquo;attachant sur le CicloMercato les services de Davide De Cassan. La promotion 2002 \u00e9pouse ainsi la fortune d&rsquo;une \u00e9quipe de \u00ab\u00a0son\u00a0\u00bb territoire (il est de V\u00e9rone, l&rsquo;\u00e9quipe est de V\u00e9rone) apr\u00e8s avoir compl\u00e9t\u00e9 son &hellip;<\/p>\n","protected":false},"author":20,"featured_media":163137,"comment_status":"open","ping_status":"open","sticky":false,"template":"","format":"standard","meta":{"footnotes":""},"categories":[3],"tags":[],"class_list":["post-163138","post","type-post","status-publish","format-standard","has-post-thumbnail","hentry","category-autre"],"_links":{"self":[{"href":"https:\/\/cyclingpro.net\/velopro\/wp-json\/wp\/v2\/posts\/163138","targetHints":{"allow":["GET"]}}],"collection":[{"href":"https:\/\/cyclingpro.net\/velopro\/wp-json\/wp\/v2\/posts"}],"about":[{"href":"https:\/\/cyclingpro.net\/velopro\/wp-json\/wp\/v2\/types\/post"}],"author":[{"embeddable":true,"href":"https:\/\/cyclingpro.net\/velopro\/wp-json\/wp\/v2\/users\/20"}],"replies":[{"embeddable":true,"href":"https:\/\/cyclingpro.net\/velopro\/wp-json\/wp\/v2\/comments?post=163138"}],"version-history":[{"count":0,"href":"https:\/\/cyclingpro.net\/velopro\/wp-json\/wp\/v2\/posts\/163138\/revisions"}],"wp:featuredmedia":[{"embeddable":true,"href":"https:\/\/cyclingpro.net\/velopro\/wp-json\/wp\/v2\/media\/163137"}],"wp:attachment":[{"href":"https:\/\/cyclingpro.net\/velopro\/wp-json\/wp\/v2\/media?parent=163138"}],"wp:term":[{"taxonomy":"category","embeddable":true,"href":"https:\/\/cyclingpro.net\/velopro\/wp-json\/wp\/v2\/categories?post=163138"},{"taxonomy":"post_tag","embeddable":true,"href":"https:\/\/cyclingpro.net\/velopro\/wp-json\/wp\/v2\/tags?post=163138"}],"curies":[{"name":"wp","href":"https:\/\/api.w.org\/{rel}","templated":true}]}}