{"id":163136,"date":"2025-12-06T16:33:59","date_gmt":"2025-12-06T15:33:59","guid":{"rendered":"https:\/\/cyclingpro.net\/velopro\/uncategorized\/biesse-carrera-premac-filippo-agostinacchio-confirme-pour-une-nouvelle-saison-a-partir-du-mois-daout-il-sera-stagiaire-chez-ef\/"},"modified":"2025-12-06T16:33:59","modified_gmt":"2025-12-06T15:33:59","slug":"biesse-carrera-premac-filippo-agostinacchio-confirme-pour-une-nouvelle-saison-a-partir-du-mois-daout-il-sera-stagiaire-chez-ef","status":"publish","type":"post","link":"https:\/\/cyclingpro.net\/velopro\/autre\/biesse-carrera-premac-filippo-agostinacchio-confirme-pour-une-nouvelle-saison-a-partir-du-mois-daout-il-sera-stagiaire-chez-ef\/","title":{"rendered":"Biesse Carrera Premac, Filippo Agostinacchio confirm\u00e9 pour une nouvelle saison : \u00e0 partir du mois d&rsquo;ao\u00fbt, il sera stagiaire chez EF."},"content":{"rendered":"<p>En 2026 \u00e9galement, <strong>Filippo Agostinacchio<\/strong> fera partie de l&rsquo;\u00e9quipe <strong>Biesse Carrera Premac<\/strong>. Le coureur vald\u00f4tain de 22 ans poursuivra pour une nouvelle saison avec l&rsquo;\u00e9quipe continentale italienne apr\u00e8s une ann\u00e9e 2025 qui l&rsquo;a vu occuper le devant de la sc\u00e8ne avec deux beaux succ\u00e8s dans la cat\u00e9gorie des moins de 23 ans, une \u00e9tape au <strong>Giro Next Gen<\/strong> et une au <strong>Giro della Valle d&rsquo;Aosta<\/strong>, ainsi que plusieurs autres belles places. La promotion 2003 \u00e9volue actuellement en cyclo-cross sous le maillot de EF Education &#8211; EasyPost, et la formation am\u00e9ricaine, <a href=\"https:\/\/cyclingpro.net\/spaziociclismo\/ciclomercato\/ef-education-easypost-mattia-agostinacchio-passera-professionista-gia-nel-2026\/\">dans laquelle \u00e9voluera son jeune fr\u00e8re Mattia<\/a>, devrait \u00e9galement le rejoindre sur la route en tant que stagiaire au mois d&rsquo;ao\u00fbt prochain.<\/p>\n<p>\u00ab\u00a0Le 2025 m&rsquo;a fait prendre conscience de mes capacit\u00e9s sur la route, il est all\u00e9 au-del\u00e0 des attentes : <strong>Je n&rsquo;imaginais pas une saison comme celle-ci et il m&rsquo;a projet\u00e9 dans le futur vers le WorldTour &#8211; les mots d&rsquo;Agostinacchio &#8211; L&rsquo;exploit dans l&rsquo;\u00e9tape du Giro Next Gen est certainement la plus belle &lsquo;carte postale&rsquo; de la saison pass\u00e9e\u00a0\u00bb. Continuer avec le Team Biesse Carrera Premac me rend plus d\u00e9tendu, je connais l&rsquo;environnement et je me sens chez moi. <J'esp\u00e8re revenir au d\u00e9but du mois d'avril sur la route et prendre encore plus de satisfaction avec ce maillot<\/strong>\u00ab\u00a0.<\/p>\n","protected":false},"excerpt":{"rendered":"<p>En 2026 \u00e9galement, Filippo Agostinacchio fera partie de l&rsquo;\u00e9quipe Biesse Carrera Premac. Le coureur vald\u00f4tain de 22 ans poursuivra pour une nouvelle saison avec l&rsquo;\u00e9quipe continentale italienne apr\u00e8s une ann\u00e9e 2025 qui l&rsquo;a vu occuper le devant de la sc\u00e8ne avec deux beaux succ\u00e8s dans la cat\u00e9gorie des moins de 23 ans, une \u00e9tape au &hellip;<\/p>\n","protected":false},"author":20,"featured_media":163135,"comment_status":"open","ping_status":"open","sticky":false,"template":"","format":"standard","meta":{"footnotes":""},"categories":[3],"tags":[],"class_list":["post-163136","post","type-post","status-publish","format-standard","has-post-thumbnail","hentry","category-autre"],"_links":{"self":[{"href":"https:\/\/cyclingpro.net\/velopro\/wp-json\/wp\/v2\/posts\/163136","targetHints":{"allow":["GET"]}}],"collection":[{"href":"https:\/\/cyclingpro.net\/velopro\/wp-json\/wp\/v2\/posts"}],"about":[{"href":"https:\/\/cyclingpro.net\/velopro\/wp-json\/wp\/v2\/types\/post"}],"author":[{"embeddable":true,"href":"https:\/\/cyclingpro.net\/velopro\/wp-json\/wp\/v2\/users\/20"}],"replies":[{"embeddable":true,"href":"https:\/\/cyclingpro.net\/velopro\/wp-json\/wp\/v2\/comments?post=163136"}],"version-history":[{"count":0,"href":"https:\/\/cyclingpro.net\/velopro\/wp-json\/wp\/v2\/posts\/163136\/revisions"}],"wp:featuredmedia":[{"embeddable":true,"href":"https:\/\/cyclingpro.net\/velopro\/wp-json\/wp\/v2\/media\/163135"}],"wp:attachment":[{"href":"https:\/\/cyclingpro.net\/velopro\/wp-json\/wp\/v2\/media?parent=163136"}],"wp:term":[{"taxonomy":"category","embeddable":true,"href":"https:\/\/cyclingpro.net\/velopro\/wp-json\/wp\/v2\/categories?post=163136"},{"taxonomy":"post_tag","embeddable":true,"href":"https:\/\/cyclingpro.net\/velopro\/wp-json\/wp\/v2\/tags?post=163136"}],"curies":[{"name":"wp","href":"https:\/\/api.w.org\/{rel}","templated":true}]}}