{"id":163134,"date":"2025-12-06T15:00:02","date_gmt":"2025-12-06T14:00:02","guid":{"rendered":"https:\/\/cyclingpro.net\/velopro\/uncategorized\/vuelta-a-espana-2026-landalousie-a-lhonneur-dans-la-derniere-semaine-arrivees-a-cordoue-et-la-pandera-contre-la-montre-dans-la-province-de-cadix-et-final-a-grenade\/"},"modified":"2025-12-06T15:00:02","modified_gmt":"2025-12-06T14:00:02","slug":"vuelta-a-espana-2026-landalousie-a-lhonneur-dans-la-derniere-semaine-arrivees-a-cordoue-et-la-pandera-contre-la-montre-dans-la-province-de-cadix-et-final-a-grenade","status":"publish","type":"post","link":"https:\/\/cyclingpro.net\/velopro\/autre\/vuelta-a-espana-2026-landalousie-a-lhonneur-dans-la-derniere-semaine-arrivees-a-cordoue-et-la-pandera-contre-la-montre-dans-la-province-de-cadix-et-final-a-grenade\/","title":{"rendered":"Vuelta a Espa\u00f1a 2026, l&rsquo;Andalousie \u00e0 l&rsquo;honneur dans la derni\u00e8re semaine : arriv\u00e9es \u00e0 Cordoue et La Pandera, contre-la-montre dans la province de Cadix et final \u00e0 Grenade."},"content":{"rendered":"<p>Le parcours possible de la <strong>Vuelta a Espa\u00f1a 2026<\/strong> commence \u00e0 se dessiner plus clairement. Le jour de la pr\u00e9sentation du dernier Grand Tour de la saison se rapproche de plus en plus, le rideau de la course espagnole se levant officiellement le mercredi 17 d\u00e9cembre, et par cons\u00e9quent les rumeurs autour du possible parcours qui sera abord\u00e9 <strong>du 22 ao\u00fbt au 13 septembre<\/strong> l&rsquo;ann\u00e9e prochaine se multiplient. Le journaliste Roberto G\u00f3mez a donn\u00e9 une image plus d\u00e9taill\u00e9e ces derni\u00e8res heures : lors de l&rsquo;\u00e9mission <em>La Tribu de A Diario<\/em> diffus\u00e9e sur <a href=\"https:\/\/www.marca.com\/radio\/2025\/12\/05\/roberto-gomez-destaca-gran-novedad-habra-contrarreloj-cadiz-clave-nueva-vuelta.html\"><em>Radio Marca<\/em><\/a>, il a soulign\u00e9 qu&rsquo;il n&rsquo;y aura pas d&rsquo;\u00e9tapes dans le nord de l&rsquo;Espagne, confirmant au contraire qu&rsquo;il y aura une grande finale en Andalousie, dans le sud du pays (totalement ignor\u00e9e dans l&rsquo;\u00e9dition 2025), et que la course s&rsquo;ach\u00e8vera \u00e0 <strong>Granada<\/strong>.<\/p>\n<p>Selon G\u00f3mez, parmi les journ\u00e9es importantes qui se d\u00e9rouleront sur les routes andalouses (c&rsquo;est-\u00e0-dire dans la derni\u00e8re semaine de la course), il y aura un contre-la-montre dans la province de <strong>Cadiz<\/strong>, une \u00e9preuve qui devrait \u00eatre un moment cl\u00e9 de la course et qui, selon d&rsquo;autres rumeurs qui ont circul\u00e9 ces derni\u00e8res semaines, pourrait se d\u00e9rouler (en partie ou en totalit\u00e9) sur le circuit automobile de <strong>Jerez de la Frontera<\/strong>. Ce contre-la-montre pourrait pr\u00e9c\u00e9der l&rsquo;\u00e9tape avec l&rsquo;arriv\u00e9e en mont\u00e9e de Pe\u00f1as Blancas<\/a>, d\u00e9j\u00e0 annonc\u00e9e, qui sera l&rsquo;avant-derni\u00e8re de l&rsquo;Iberian GT et passera par plusieurs points de la province de Malaga.<\/p>\n<p>Cadix, Malaga et Grenade ne seront pas les seules provinces d&rsquo;Andalousie \u00e0 \u00eatre touch\u00e9es par la course, mais selon <a href=\"https:\/\/www.diariojaen.es\/deportes\/la-provincia-tendra-protagonismo-en-la-vuelta-ciclista-a-espana-2026-BE11048900\"><em>Diario Ja\u00e9n<\/em><\/a> les huit provinces de la communaut\u00e9 autonome seront impliqu\u00e9es dans le Parcours. Parmi elles, <strong>Ja\u00e9n<\/strong>, avec une \u00e9tape qui partirait de la capitale du m\u00eame nom et se terminerait par l&rsquo;ascension de la <strong>Sierra de La Pandera<\/strong>, une mont\u00e9e que la Vuelta a d\u00e9j\u00e0 pr\u00e9sent\u00e9e \u00e0 six reprises, la derni\u00e8re fois en 2022 avec le succ\u00e8s de Richard Carapaz. Toujours concernant l&rsquo;une des journ\u00e9es de la derni\u00e8re semaine, <a href=\"https:\/\/www.diariocordoba.com\/deportes\/2025\/12\/03\/palma-rio-apunta-acoger-salida-124392247.html\"><em>Diario C\u00f3rdoba<\/em><\/a> indique qu&rsquo;il y aura une \u00e9tape avec une arriv\u00e9e \u00e0 <strong>Cordoba<\/strong> et un d\u00e9part de <strong>Palma del R\u00edo<\/strong>, sans toutefois donner plus de d\u00e9tails concernant l&rsquo;\u00e9ventuel parcours ou le type d&rsquo;\u00e9tape. Le journal confirme toutefois que Grenade est la destination finale de la course, ajoutant que la ville accueillera non seulement la derni\u00e8re \u00e9tape, mais aussi l&rsquo;avant-derni\u00e8re.<\/p>\n<p>Si les contours de la derni\u00e8re semaine semblent assez bien d\u00e9finis, plusieurs points d&rsquo;interrogation subsistent quant \u00e0 la premi\u00e8re partie de la course. Le d\u00e9part de la <strong>Principaut\u00e9 de Monaco<\/strong> <a href=\"https:\/\/cyclingpro.net\/spaziociclismo\/vuelta-2026\/vuelta-a-espana-2026-presentata-la-crono-inaugurale-nel-principato-di-monaco\/\">avec un court contre-la-montre<\/a> est certain, mais la Vuelta devrait ensuite passer en France et inclure une \u00e9tape enti\u00e8rement sur routes transalpines (\u00e0 l&rsquo;exception de la section de transfert initiale, qui se d\u00e9roulera \u00e9galement \u00e0 Monte-Carlo), selon G\u00f3mez mentionn\u00e9 plus haut, mais il n&rsquo;y a pas d&rsquo;informations particuli\u00e8res sur l&rsquo;\u00e9ventuel Parcours. En revanche, on en sait un peu plus sur la troisi\u00e8me \u00e9tape, qui devrait anticiper l&rsquo;arriv\u00e9e de la caravane en Espagne et donc \u00eatre elle aussi enti\u00e8rement fran\u00e7aise. Selon <a href=\"https:\/\/www.lindependant.fr\/2025\/11\/28\/info-lindependant-le-tour-despagne-2026-attendu-dans-laude-et-les-pyrenees-orientales-13080268.php\"><em>L&rsquo;Ind\u00e9pendant<\/em><\/a>, <strong>Gruissan<\/strong> serait choisie comme ville de d\u00e9part pour la journ\u00e9e, tandis que l&rsquo;arriv\u00e9e serait fix\u00e9e \u00e0 <strong>Font-Romeu<\/strong>, une station de ski pyr\u00e9n\u00e9enne qui pourrait donc \u00eatre la premi\u00e8re arriv\u00e9e en c\u00f4te du GT ib\u00e9rique.<\/p>\n","protected":false},"excerpt":{"rendered":"<p>Le parcours possible de la Vuelta a Espa\u00f1a 2026 commence \u00e0 se dessiner plus clairement. Le jour de la pr\u00e9sentation du dernier Grand Tour de la saison se rapproche de plus en plus, le rideau de la course espagnole se levant officiellement le mercredi 17 d\u00e9cembre, et par cons\u00e9quent les rumeurs autour du possible parcours &hellip;<\/p>\n","protected":false},"author":20,"featured_media":163133,"comment_status":"open","ping_status":"open","sticky":false,"template":"","format":"standard","meta":{"footnotes":""},"categories":[3],"tags":[],"class_list":["post-163134","post","type-post","status-publish","format-standard","has-post-thumbnail","hentry","category-autre"],"_links":{"self":[{"href":"https:\/\/cyclingpro.net\/velopro\/wp-json\/wp\/v2\/posts\/163134","targetHints":{"allow":["GET"]}}],"collection":[{"href":"https:\/\/cyclingpro.net\/velopro\/wp-json\/wp\/v2\/posts"}],"about":[{"href":"https:\/\/cyclingpro.net\/velopro\/wp-json\/wp\/v2\/types\/post"}],"author":[{"embeddable":true,"href":"https:\/\/cyclingpro.net\/velopro\/wp-json\/wp\/v2\/users\/20"}],"replies":[{"embeddable":true,"href":"https:\/\/cyclingpro.net\/velopro\/wp-json\/wp\/v2\/comments?post=163134"}],"version-history":[{"count":0,"href":"https:\/\/cyclingpro.net\/velopro\/wp-json\/wp\/v2\/posts\/163134\/revisions"}],"wp:featuredmedia":[{"embeddable":true,"href":"https:\/\/cyclingpro.net\/velopro\/wp-json\/wp\/v2\/media\/163133"}],"wp:attachment":[{"href":"https:\/\/cyclingpro.net\/velopro\/wp-json\/wp\/v2\/media?parent=163134"}],"wp:term":[{"taxonomy":"category","embeddable":true,"href":"https:\/\/cyclingpro.net\/velopro\/wp-json\/wp\/v2\/categories?post=163134"},{"taxonomy":"post_tag","embeddable":true,"href":"https:\/\/cyclingpro.net\/velopro\/wp-json\/wp\/v2\/tags?post=163134"}],"curies":[{"name":"wp","href":"https:\/\/api.w.org\/{rel}","templated":true}]}}