{"id":163132,"date":"2025-12-06T13:30:50","date_gmt":"2025-12-06T12:30:50","guid":{"rendered":"https:\/\/cyclingpro.net\/velopro\/uncategorized\/six-jours-apres-rotterdam-2025-le-duo-havik-leitao-reste-en-tete-mais-van-den-bossche-et-de-vylder-se-rapprochent-a-deux-points\/"},"modified":"2025-12-06T13:30:50","modified_gmt":"2025-12-06T12:30:50","slug":"six-jours-apres-rotterdam-2025-le-duo-havik-leitao-reste-en-tete-mais-van-den-bossche-et-de-vylder-se-rapprochent-a-deux-points","status":"publish","type":"post","link":"https:\/\/cyclingpro.net\/velopro\/autre\/six-jours-apres-rotterdam-2025-le-duo-havik-leitao-reste-en-tete-mais-van-den-bossche-et-de-vylder-se-rapprochent-a-deux-points\/","title":{"rendered":"Six jours apr\u00e8s Rotterdam 2025, le duo Havik-Leit\u00e3o reste en t\u00eate, mais Van Den Bossche et De Vylder se rapprochent \u00e0 deux points."},"content":{"rendered":"<p>Les <strong>Vingt-quatre Jours de Rotterdam 2025<\/strong> abordent le week-end d\u00e9cisif avec un classement encore assez ouvert. Apr\u00e8s la quatri\u00e8me soir\u00e9e de course, l&rsquo;\u00e9preuve sur piste voit toujours le duo <strong>Yoeri Havik<\/strong> et <strong>I\u00fari Leit\u00e3o<\/strong> en t\u00eate, mais derri\u00e8re eux <strong>Fabio Van Den Bossche<\/strong> et <strong>Lindsay De Vylder<\/strong>, <a href=\"https:\/\/cyclingpro.net\/spaziociclismo\/other\/track\/six-jours-de-gand-2025-van-den-bossche-and-de-vylder-win-in-the-final-viviani-closes-with-a-third-place\/\">vainqueurs il y a quinze jours des Six Jours de Gand<\/a>, qui ont \u00e9t\u00e9 les plus prolifiques lors de cette session et se sont rapproch\u00e9s \u00e0 seulement deux points (240 vs. 238) des leaders. Cependant, le duo <strong>Vincent Hoppezak<\/strong> et <strong>Yanne Dorenbos<\/strong>, troisi\u00e8me avec 218 points et seul autre couple \u00e0 avoir effectu\u00e9 des tours complets, n&rsquo;est pas loin non plus, tandis que <strong>Sebasti\u00e1n Mora<\/strong> et <strong>Robbe Ghys<\/strong>, <a href=\"https:\/\/cyclingpro.net\/spaziociclismo\/sintesi-gare\/sei-giorni-di-rotterdam-2025-sebastian-mora-e-robbe-ghys-in-testa-dopo-la-seconda-serata\/\">qui s&rsquo;\u00e9taient \u00e9galement hiss\u00e9s en t\u00eate lors de la deuxi\u00e8me nuit<\/a>, se font distanc\u00e9s.<\/p>\n<p>L&rsquo;Espagnol et le Belge comptent d\u00e9sormais 172 points et un tour de retard, mais restent quatri\u00e8mes malgr\u00e9 un tour de retard sur <strong>Philip Heijnen<\/strong> et <strong>Matias Malmberg<\/strong> (cinqui\u00e8mes avec 214 points), et <strong>Tobias Hansen Aagaard<\/strong> et <strong>Robin Skivild<\/strong> (sixi\u00e8mes avec 194 points), qui ont n\u00e9anmoins respectivement deux et trois tours \u00e0 rattraper. La soir\u00e9e a \u00e9galement \u00e9t\u00e9 marqu\u00e9e par les courses de sprint, qui ont permis \u00e0 <strong>Matthew Richardson<\/strong> de confirmer son avance et d&rsquo;\u00e9tablir un nouveau record de piste sur le 200 m\u00e8tres avec 9&Prime;659, battant le pr\u00e9c\u00e9dent record \u00e9tabli l&rsquo;ann\u00e9e derni\u00e8re par Harrie Lavreysen en 9&Prime;674, ainsi que les comp\u00e9titions f\u00e9minines et des moins de 23 ans, men\u00e9es respectivement par la Britannique <strong>Josie Knight<\/strong> et la paire suisse de <strong>Matteo Constant<\/strong> et <strong>Victor Benareau<\/strong>.<\/p>\n","protected":false},"excerpt":{"rendered":"<p>Les Vingt-quatre Jours de Rotterdam 2025 abordent le week-end d\u00e9cisif avec un classement encore assez ouvert. Apr\u00e8s la quatri\u00e8me soir\u00e9e de course, l&rsquo;\u00e9preuve sur piste voit toujours le duo Yoeri Havik et I\u00fari Leit\u00e3o en t\u00eate, mais derri\u00e8re eux Fabio Van Den Bossche et Lindsay De Vylder, vainqueurs il y a quinze jours des Six &hellip;<\/p>\n","protected":false},"author":20,"featured_media":163131,"comment_status":"open","ping_status":"open","sticky":false,"template":"","format":"standard","meta":{"footnotes":""},"categories":[3],"tags":[],"class_list":["post-163132","post","type-post","status-publish","format-standard","has-post-thumbnail","hentry","category-autre"],"_links":{"self":[{"href":"https:\/\/cyclingpro.net\/velopro\/wp-json\/wp\/v2\/posts\/163132","targetHints":{"allow":["GET"]}}],"collection":[{"href":"https:\/\/cyclingpro.net\/velopro\/wp-json\/wp\/v2\/posts"}],"about":[{"href":"https:\/\/cyclingpro.net\/velopro\/wp-json\/wp\/v2\/types\/post"}],"author":[{"embeddable":true,"href":"https:\/\/cyclingpro.net\/velopro\/wp-json\/wp\/v2\/users\/20"}],"replies":[{"embeddable":true,"href":"https:\/\/cyclingpro.net\/velopro\/wp-json\/wp\/v2\/comments?post=163132"}],"version-history":[{"count":0,"href":"https:\/\/cyclingpro.net\/velopro\/wp-json\/wp\/v2\/posts\/163132\/revisions"}],"wp:featuredmedia":[{"embeddable":true,"href":"https:\/\/cyclingpro.net\/velopro\/wp-json\/wp\/v2\/media\/163131"}],"wp:attachment":[{"href":"https:\/\/cyclingpro.net\/velopro\/wp-json\/wp\/v2\/media?parent=163132"}],"wp:term":[{"taxonomy":"category","embeddable":true,"href":"https:\/\/cyclingpro.net\/velopro\/wp-json\/wp\/v2\/categories?post=163132"},{"taxonomy":"post_tag","embeddable":true,"href":"https:\/\/cyclingpro.net\/velopro\/wp-json\/wp\/v2\/tags?post=163132"}],"curies":[{"name":"wp","href":"https:\/\/api.w.org\/{rel}","templated":true}]}}