{"id":163130,"date":"2025-12-06T12:57:01","date_gmt":"2025-12-06T11:57:01","guid":{"rendered":"https:\/\/cyclingpro.net\/velopro\/uncategorized\/groupama-fdj-a-egalement-presente-le-nouveau-velo-wilier-triestina\/"},"modified":"2025-12-06T12:57:01","modified_gmt":"2025-12-06T11:57:01","slug":"groupama-fdj-a-egalement-presente-le-nouveau-velo-wilier-triestina","status":"publish","type":"post","link":"https:\/\/cyclingpro.net\/velopro\/autre\/groupama-fdj-a-egalement-presente-le-nouveau-velo-wilier-triestina\/","title":{"rendered":"Groupama-FDJ a \u00e9galement pr\u00e9sent\u00e9 le nouveau v\u00e9lo Wilier Triestina"},"content":{"rendered":"<p>Le <strong>Groupama-FDJ<\/strong> utilisera \u00e9galement des v\u00e9los <strong>Wilier Triestina<\/strong> en 2026. <a href=\"https:\/\/cyclingpro.net\/spaziociclismo\/maglie-e-telai\/groupama-fdj-svelata-la-nuova-maglia-firmata-bioracer\/\">Apr\u00e8s le maillot<\/a>, la formation transalpine a \u00e9galement d\u00e9voil\u00e9 le v\u00e9lo avec lequel l&rsquo;\u00e9quipe abordera la nouvelle saison, confirmant le partenariat avec la soci\u00e9t\u00e9 italienne pour la troisi\u00e8me ann\u00e9e cons\u00e9cutive. Les coureurs de l&rsquo;\u00e9quipe p\u00e9daleront sur le nouveau Filante SLR ID2, produit en collaboration avec l&rsquo;\u00e9quipe fran\u00e7aise, tandis que le cadre arborera le nouveau coloris Firelight Red qui, comme le nom et les images l&rsquo;indiquent, sera rouge \u00e0 l&rsquo;exception de la partie sup\u00e9rieure du tube sup\u00e9rieur, qui sera bleue.<\/p>\n<blockquote class=\"twitter-tweet\" data-media-max-width=\"560\">\n<p dir=\"ltr\" lang=\"en\">\n<p> Ouvrez les yeux les gars ! Voici votre v\u00e9lo pour 2026 par <a href=\"https:\/\/twitter.com\/WilierTriestina?ref_src=twsrc%5Etfw\">@WilierTriestina<\/a> &#038;#x2728 ; <a href=\"https:\/\/t.co\/BWVjrySupI\">pic.twitter.com\/BWVjrySupI<\/a><\/p>\n<p>&#8211; \u00c9quipe Cycliste Groupama-FDJ (@GroupamaFDJ) <a href=\"https:\/\/twitter.com\/GroupamaFDJ\/status\/1997244634649460828?ref_src=twsrc%5Etfw\">6 d\u00e9cembre 2025<\/a><\/p><\/blockquote>\n<p><script async src=\"https:\/\/platform.twitter.com\/widgets.js\" charset=\"utf-8\"><\/script><\/p>\n","protected":false},"excerpt":{"rendered":"<p>Le Groupama-FDJ utilisera \u00e9galement des v\u00e9los Wilier Triestina en 2026. Apr\u00e8s le maillot, la formation transalpine a \u00e9galement d\u00e9voil\u00e9 le v\u00e9lo avec lequel l&rsquo;\u00e9quipe abordera la nouvelle saison, confirmant le partenariat avec la soci\u00e9t\u00e9 italienne pour la troisi\u00e8me ann\u00e9e cons\u00e9cutive. Les coureurs de l&rsquo;\u00e9quipe p\u00e9daleront sur le nouveau Filante SLR ID2, produit en collaboration avec &hellip;<\/p>\n","protected":false},"author":20,"featured_media":163129,"comment_status":"open","ping_status":"open","sticky":false,"template":"","format":"standard","meta":{"footnotes":""},"categories":[3],"tags":[],"class_list":["post-163130","post","type-post","status-publish","format-standard","has-post-thumbnail","hentry","category-autre"],"_links":{"self":[{"href":"https:\/\/cyclingpro.net\/velopro\/wp-json\/wp\/v2\/posts\/163130","targetHints":{"allow":["GET"]}}],"collection":[{"href":"https:\/\/cyclingpro.net\/velopro\/wp-json\/wp\/v2\/posts"}],"about":[{"href":"https:\/\/cyclingpro.net\/velopro\/wp-json\/wp\/v2\/types\/post"}],"author":[{"embeddable":true,"href":"https:\/\/cyclingpro.net\/velopro\/wp-json\/wp\/v2\/users\/20"}],"replies":[{"embeddable":true,"href":"https:\/\/cyclingpro.net\/velopro\/wp-json\/wp\/v2\/comments?post=163130"}],"version-history":[{"count":0,"href":"https:\/\/cyclingpro.net\/velopro\/wp-json\/wp\/v2\/posts\/163130\/revisions"}],"wp:featuredmedia":[{"embeddable":true,"href":"https:\/\/cyclingpro.net\/velopro\/wp-json\/wp\/v2\/media\/163129"}],"wp:attachment":[{"href":"https:\/\/cyclingpro.net\/velopro\/wp-json\/wp\/v2\/media?parent=163130"}],"wp:term":[{"taxonomy":"category","embeddable":true,"href":"https:\/\/cyclingpro.net\/velopro\/wp-json\/wp\/v2\/categories?post=163130"},{"taxonomy":"post_tag","embeddable":true,"href":"https:\/\/cyclingpro.net\/velopro\/wp-json\/wp\/v2\/tags?post=163130"}],"curies":[{"name":"wp","href":"https:\/\/api.w.org\/{rel}","templated":true}]}}