{"id":163128,"date":"2025-12-06T12:35:22","date_gmt":"2025-12-06T11:35:22","guid":{"rendered":"https:\/\/cyclingpro.net\/velopro\/uncategorized\/groupama-fdj-nouveau-maillot-bioracer-devoile\/"},"modified":"2025-12-06T12:35:22","modified_gmt":"2025-12-06T11:35:22","slug":"groupama-fdj-nouveau-maillot-bioracer-devoile","status":"publish","type":"post","link":"https:\/\/cyclingpro.net\/velopro\/autre\/groupama-fdj-nouveau-maillot-bioracer-devoile\/","title":{"rendered":"Groupama-FDJ, nouveau maillot Bioracer d\u00e9voil\u00e9"},"content":{"rendered":"<p>Le <strong>Groupama-FDJ<\/strong> a pr\u00e9sent\u00e9 le maillot qui sera port\u00e9 par ses coureurs lors de la saison 2026. Fabriqu\u00e9 par le belge <strong>Bioracer<\/strong>, qui succ\u00e8de \u00e0 Al\u00e9 apr\u00e8s neuf ans de collaboration entre l&rsquo;entreprise italienne et l&rsquo;\u00e9quipe fran\u00e7aise, le nouveau maillot s&rsquo;inspire presque enti\u00e8rement du <a href=\"https:\/\/cyclingpro.net\/spaziociclismo\/tour-2025\/tour-de-france-2025-anche-la-groupama-fdj-cambia-maglia-e-bici-per-la-grande-boucle\/\">maillot utilis\u00e9 par l&rsquo;\u00e9quipe lors du dernier Tour de France, avec un kit \u00e0 dominante bleue (plus clair sur la partie sup\u00e9rieure du maillot, plus fonc\u00e9 sur la partie inf\u00e9rieure et sur le cuissard), \u00e0 l&rsquo;exception de la manche gauche, caract\u00e9ris\u00e9e par une couleur rouge qui atteint \u00e9galement l&rsquo;\u00e9paule. Quelques changements \u00e9galement dans le motif filigrane, plus simple que celui propos\u00e9 dans l&rsquo;uniforme con\u00e7u pour la derni\u00e8re Grande Boucle.<\/p>\n<blockquote class=\"twitter-tweet\">\n<p dir=\"ltr\" lang=\"und\">&#x2764;&#xfe0f;&#x2764;&#038;#xfe0f ;<br \/>\n&#x2764;&#xfe0f; &#x2764;&#xfe0f;<br \/>\n&#x2764;&#xfe0f;&#x2764;&#038;#xfe0f ; <a href=\"https:\/\/t.co\/BwTp7qnxir\">pic.twitter.com\/BwTp7qnxir<\/a><\/p>\n<p>&#8211; \u00c9quipe Cycliste Groupama-FDJ (@GroupamaFDJ) <a href=\"https:\/\/twitter.com\/GroupamaFDJ\/status\/1997245883704807693?ref_src=twsrc%5Etfw\">6 d\u00e9cembre 2025<\/a><\/p><\/blockquote>\n<p><script async src=\"https:\/\/platform.twitter.com\/widgets.js\" charset=\"utf-8\"><\/script><\/p>\n","protected":false},"excerpt":{"rendered":"<p>Le Groupama-FDJ a pr\u00e9sent\u00e9 le maillot qui sera port\u00e9 par ses coureurs lors de la saison 2026. Fabriqu\u00e9 par le belge Bioracer, qui succ\u00e8de \u00e0 Al\u00e9 apr\u00e8s neuf ans de collaboration entre l&rsquo;entreprise italienne et l&rsquo;\u00e9quipe fran\u00e7aise, le nouveau maillot s&rsquo;inspire presque enti\u00e8rement du maillot utilis\u00e9 par l&rsquo;\u00e9quipe lors du dernier Tour de France, avec &hellip;<\/p>\n","protected":false},"author":20,"featured_media":163127,"comment_status":"open","ping_status":"open","sticky":false,"template":"","format":"standard","meta":{"footnotes":""},"categories":[3],"tags":[],"class_list":["post-163128","post","type-post","status-publish","format-standard","has-post-thumbnail","hentry","category-autre"],"_links":{"self":[{"href":"https:\/\/cyclingpro.net\/velopro\/wp-json\/wp\/v2\/posts\/163128","targetHints":{"allow":["GET"]}}],"collection":[{"href":"https:\/\/cyclingpro.net\/velopro\/wp-json\/wp\/v2\/posts"}],"about":[{"href":"https:\/\/cyclingpro.net\/velopro\/wp-json\/wp\/v2\/types\/post"}],"author":[{"embeddable":true,"href":"https:\/\/cyclingpro.net\/velopro\/wp-json\/wp\/v2\/users\/20"}],"replies":[{"embeddable":true,"href":"https:\/\/cyclingpro.net\/velopro\/wp-json\/wp\/v2\/comments?post=163128"}],"version-history":[{"count":0,"href":"https:\/\/cyclingpro.net\/velopro\/wp-json\/wp\/v2\/posts\/163128\/revisions"}],"wp:featuredmedia":[{"embeddable":true,"href":"https:\/\/cyclingpro.net\/velopro\/wp-json\/wp\/v2\/media\/163127"}],"wp:attachment":[{"href":"https:\/\/cyclingpro.net\/velopro\/wp-json\/wp\/v2\/media?parent=163128"}],"wp:term":[{"taxonomy":"category","embeddable":true,"href":"https:\/\/cyclingpro.net\/velopro\/wp-json\/wp\/v2\/categories?post=163128"},{"taxonomy":"post_tag","embeddable":true,"href":"https:\/\/cyclingpro.net\/velopro\/wp-json\/wp\/v2\/tags?post=163128"}],"curies":[{"name":"wp","href":"https:\/\/api.w.org\/{rel}","templated":true}]}}