{"id":163124,"date":"2025-12-06T11:06:49","date_gmt":"2025-12-06T10:06:49","guid":{"rendered":"https:\/\/cyclingpro.net\/velopro\/uncategorized\/jayco-alula-michael-matthews-je-ne-savais-pas-si-jallais-survivre-jai-limpression-de-renaitre\/"},"modified":"2025-12-06T11:06:49","modified_gmt":"2025-12-06T10:06:49","slug":"jayco-alula-michael-matthews-je-ne-savais-pas-si-jallais-survivre-jai-limpression-de-renaitre","status":"publish","type":"post","link":"https:\/\/cyclingpro.net\/velopro\/autre\/jayco-alula-michael-matthews-je-ne-savais-pas-si-jallais-survivre-jai-limpression-de-renaitre\/","title":{"rendered":"Jayco AlUla, Michael Matthews : \u00ab\u00a0Je ne savais pas si j&rsquo;allais survivre. J&rsquo;ai l&rsquo;impression de rena\u00eetre\u00a0\u00bb."},"content":{"rendered":"<p><strong>Michael Matthews<\/strong> retrace les moments les plus difficiles de sa carri\u00e8re et se pr\u00e9pare \u00e0 un nouveau d\u00e9part. Le coureur du <strong>Team Jayco AlUla<\/strong> cette ann\u00e9e <a href=\"https:\/\/cyclingpro.net\/spaziociclismo\/worldtour\/jayco-alula-michael-matthews-racconta-dellembolia-polmonare-avuta-in-ritiro-se-avessi-continuato-ad-allenarmi-per-un-altro-giorno-o-due-probabilmente-non-sarei-sopravvissuto\/\">a \u00e9t\u00e9 victime d&rsquo;une embolie pulmonaire en juin<\/a>, lors du camp d&rsquo;entra\u00eenement \u00e0 Livigno o\u00f9 il se pr\u00e9parait \u00e0 sa prochaine participation au <strong>Tour de France 2025<\/strong>. Heureusement, l&rsquo;intervention des m\u00e9decins a sauv\u00e9 l&rsquo;Australien, \u00e0 qui l&rsquo;on avait dit que s&rsquo;il s&rsquo;entra\u00eenait deux jours de plus, il compromettrait probablement sa sant\u00e9 au point de risquer la mort. Apr\u00e8s avoir re\u00e7u les soins n\u00e9cessaires, la classe 90 a repris la course, d\u00e9crochant m\u00eame quelques bonnes places dans la seconde moiti\u00e9 de la saison. <a href=\"https:\/\/cyclingpro.net\/spaziociclismo\/worldtour\/jayco-alula-michael-matthews-rinnova-sino-al-2027-spero-di-poter-raggiungere-quegli-obiettivi-di-carriera-che-inseguo\/\" target=\"_blank\" rel=\"noopener\">Le r\u00e9cent renouvellement de son contrat de deux ans avec <\/a><strong>Jayco AlUla<\/strong> lui a assur\u00e9 plus d&rsquo;ann\u00e9es dans le peloton et, d\u00e9finitivement, un nouveau d\u00e9part.<\/p>\n<p>\u00ab\u00a0<strong>Les probl\u00e8mes physiques que j&rsquo;ai eus cette ann\u00e9e m&rsquo;ont fait tr\u00e8s peur<\/strong>\u00ab\u00a0, a avou\u00e9 le coureur <a href=\"https:\/\/www.cyclingnews.com\/pro-cycling\/teams-riders\/i-honestly-feel-there-are-bigger-things-to-come-michael-matthews-has-renewed-enthusiasm-for-cycling-and-for-life-after-pulmonary-embolism-scare\/\" target=\"_blank\" rel=\"noopener\">dans une interview avec <em>CyclingNews<\/em> <\/a>&#8211; En m\u00eame temps, cependant, ils m&rsquo;ont donn\u00e9 une deuxi\u00e8me chance dans le cyclisme. <strong>J&rsquo;ai l&rsquo;impression que c&rsquo;est une nouvelle naissance pour ma carri\u00e8re<\/strong>. Mon nouveau contrat me donne \u00e9galement une motivation suppl\u00e9mentaire. Honn\u00eatement, je sens que quelque chose d&rsquo;encore plus grand se profile \u00e0 l&rsquo;horizon. Je ne veux pas mettre un terme \u00e0 ma carri\u00e8re. Elle peut arriver \u00e0 tout moment. Pour l&rsquo;instant, je me contente de profiter du cyclisme, d&rsquo;\u00eatre avec mes co\u00e9quipiers, de courir, de concourir. Honn\u00eatement, je n&rsquo;ai m\u00eame pas pens\u00e9 \u00e0 ma retraite.<\/p>\n<p><b>Michael Matthews<\/b> a \u00e9voqu\u00e9 les moments les plus difficiles : \u00ab\u00a0<strong>C&rsquo;est l&rsquo;une des choses les plus effrayantes que j&rsquo;ai eu \u00e0 vivre dans ma vie<\/strong>. Soudain, je me suis retrouv\u00e9 \u00e0 l&rsquo;h\u00f4pital et je ne savais pas si j&rsquo;allais mourir cette nuit-l\u00e0 ou survivre<\/strong>. Les m\u00e9decins m&rsquo;ont dit que si je continuais \u00e0 m&rsquo;entra\u00eener, je mourrais en deux jours. Je pense que j&rsquo;ai une deuxi\u00e8me chance de montrer ce dont je suis vraiment capable. C&rsquo;est ce \u00e0 quoi j&rsquo;ai pens\u00e9 pendant que je m&rsquo;entra\u00eenais pour revenir. Bien s\u00fbr, j&rsquo;avais peur, mais j&rsquo;\u00e9tais vraiment heureux de pouvoir rouler \u00e0 nouveau sur le v\u00e9lo. <strong>J&rsquo;ai l&rsquo;impression d&rsquo;avoir encore 25 ans et de profiter de ma seconde jeunesse<\/strong>. J&rsquo;attaque mes co\u00e9quipiers \u00e0 l&rsquo;entra\u00eenement et je suis normalement celui qui veut s&rsquo;entra\u00eener un peu plus. La motivation est toujours l\u00e0 et j&rsquo;ai un grand sourire en me levant le matin.<\/p>\n<p>En ce qui concerne le <strong>Milano-San Remo<\/strong>, son grand objectif, \u00ab\u00a0Bling\u00a0\u00bb r\u00e9v\u00e8le : \u00ab\u00a0<strong>Je suppose que j&rsquo;ai une relation amour-haine avec Milano-San Remo<\/strong>. C&rsquo;est \u00e9videmment une course qui correspond \u00e0 mes caract\u00e9ristiques et dans laquelle j&rsquo;ai obtenu de bons r\u00e9sultats par le pass\u00e9, mais elle a \u00e9galement \u00e9t\u00e9 cruelle avec moi. Il faut que les cartes aillent dans le bon sens, c&rsquo;est un peu une loterie, mais elles n&rsquo;ont jamais \u00e9t\u00e9 dans mon sens. <strong>Ces derni\u00e8res ann\u00e9es, c&rsquo;est devenu une course d&rsquo;attaque, alors qu&rsquo;avant c&rsquo;\u00e9tait plus pour les sprinters<\/strong>. Mais je n&rsquo;y peux rien. Je dois m&rsquo;assurer d&rsquo;\u00eatre pr\u00eat quand les attaques arrivent, r\u00e9agir \u00e0 la situation et peut-\u00eatre finir le travail d&rsquo;une mani\u00e8re ou d&rsquo;une autre. C&rsquo;est certainement mon premier grand objectif pour 2026.<\/p>\n","protected":false},"excerpt":{"rendered":"<p>Michael Matthews retrace les moments les plus difficiles de sa carri\u00e8re et se pr\u00e9pare \u00e0 un nouveau d\u00e9part. Le coureur du Team Jayco AlUla cette ann\u00e9e a \u00e9t\u00e9 victime d&rsquo;une embolie pulmonaire en juin, lors du camp d&rsquo;entra\u00eenement \u00e0 Livigno o\u00f9 il se pr\u00e9parait \u00e0 sa prochaine participation au Tour de France 2025. Heureusement, l&rsquo;intervention &hellip;<\/p>\n","protected":false},"author":20,"featured_media":163123,"comment_status":"open","ping_status":"open","sticky":false,"template":"","format":"standard","meta":{"footnotes":""},"categories":[3],"tags":[],"class_list":["post-163124","post","type-post","status-publish","format-standard","has-post-thumbnail","hentry","category-autre"],"_links":{"self":[{"href":"https:\/\/cyclingpro.net\/velopro\/wp-json\/wp\/v2\/posts\/163124","targetHints":{"allow":["GET"]}}],"collection":[{"href":"https:\/\/cyclingpro.net\/velopro\/wp-json\/wp\/v2\/posts"}],"about":[{"href":"https:\/\/cyclingpro.net\/velopro\/wp-json\/wp\/v2\/types\/post"}],"author":[{"embeddable":true,"href":"https:\/\/cyclingpro.net\/velopro\/wp-json\/wp\/v2\/users\/20"}],"replies":[{"embeddable":true,"href":"https:\/\/cyclingpro.net\/velopro\/wp-json\/wp\/v2\/comments?post=163124"}],"version-history":[{"count":0,"href":"https:\/\/cyclingpro.net\/velopro\/wp-json\/wp\/v2\/posts\/163124\/revisions"}],"wp:featuredmedia":[{"embeddable":true,"href":"https:\/\/cyclingpro.net\/velopro\/wp-json\/wp\/v2\/media\/163123"}],"wp:attachment":[{"href":"https:\/\/cyclingpro.net\/velopro\/wp-json\/wp\/v2\/media?parent=163124"}],"wp:term":[{"taxonomy":"category","embeddable":true,"href":"https:\/\/cyclingpro.net\/velopro\/wp-json\/wp\/v2\/categories?post=163124"},{"taxonomy":"post_tag","embeddable":true,"href":"https:\/\/cyclingpro.net\/velopro\/wp-json\/wp\/v2\/tags?post=163124"}],"curies":[{"name":"wp","href":"https:\/\/api.w.org\/{rel}","templated":true}]}}