{"id":163122,"date":"2025-12-06T10:22:49","date_gmt":"2025-12-06T09:22:49","guid":{"rendered":"https:\/\/cyclingpro.net\/velopro\/uncategorized\/team-jayco-alula-alessandro-de-marchi-devient-directeur-sportif-jattendais-ce-poste-depuis-longtemps\/"},"modified":"2025-12-06T10:22:49","modified_gmt":"2025-12-06T09:22:49","slug":"team-jayco-alula-alessandro-de-marchi-devient-directeur-sportif-jattendais-ce-poste-depuis-longtemps","status":"publish","type":"post","link":"https:\/\/cyclingpro.net\/velopro\/autre\/team-jayco-alula-alessandro-de-marchi-devient-directeur-sportif-jattendais-ce-poste-depuis-longtemps\/","title":{"rendered":"Team Jayco AlUla, Alessandro De Marchi devient directeur sportif : \u00ab\u00a0J&rsquo;attendais ce poste depuis longtemps\u00a0\u00bb."},"content":{"rendered":"<p><strong>Alessandro De Marchi<\/strong> entame un nouveau chapitre de sa vie professionnelle. Le <strong>Team Jayco AlUla<\/strong> a annonc\u00e9 que le Frioulan sera le nouveau <strong>directeur sportif<\/strong> de l&rsquo;\u00e9quipe dans laquelle il a couru les trois derni\u00e8res ann\u00e9es de sa carri\u00e8re professionnelle, <a href=\"https:\/\/cyclingpro.net\/spaziociclismo\/continental\/jayco-alula-il-commiato-di-alessandro-de-marchi-i-momenti-piu-belli-della-carriera-quelli-vissuti-con-il-pubblico-vicino\/\" target=\"_blank\" rel=\"noopener\">qui s&rsquo;est achev\u00e9e le 19 octobre lors de la <strong>Veneto Classic 2025<\/strong><\/a>, o\u00f9 il a \u00e9t\u00e9 salu\u00e9 par l&rsquo;\u00e9quipe. Le coureur de 39 ans pourra ainsi offrir aux coureurs l&rsquo;exp\u00e9rience qu&rsquo;il a acquise en 15 ans en tant que professionnel, depuis qu&rsquo;il a obtenu son premier contrat professionnel avec Androni Giocattoli &#8211; PVC Diquigiovanni en 2011. Au cours de sa passionnante carri\u00e8re, le \u00ab\u00a0Rosso di Buja\u00a0\u00bb a remport\u00e9 sept succ\u00e8s (trois \u00e9tapes \u00e0 la Vuelta a Espa\u00f1a, une au Dauphin\u00e9, une au Tour des Alpes, un Giro dell&rsquo;Emilia et un Tre Valli Varesine), port\u00e9 le maillot rose au Giro d&rsquo;Italia et disput\u00e9 19 Grands Tours et 30 Classiques monumentales.<\/p>\n<p>\u00ab\u00a0<strong>J&rsquo;ai attendu longtemps ce nouveau poste<\/strong>\u00ab\u00a0, a d\u00e9clar\u00e9 <strong><a href=\"https:\/\/cyclingpro.net\/spaziociclismo\/worldtour\/team-jayco-alula-alessandro-de-marchi-annuncia-il-ritiro-a-volte-il-cambiamento-non-viene-subito-e-desiderato\/\" target=\"_blank\" rel=\"noopener\">Alessandro De Marchi<\/a> <\/strong>dans le communiqu\u00e9 de presse de l&rsquo;\u00e9quipe, \u00ab\u00a0Je suis heureux de franchir enfin cette \u00e9tape et surtout je suis heureux parce que je peux commencer ce nouveau voyage dans une organisation que je connais, qui me conna\u00eet et qui m&rsquo;a toujours appr\u00e9ci\u00e9 pour ce que je suis. Je sais que je vais repartir de z\u00e9ro, commencer \u00e0 me reconstruire dans ce nouveau r\u00f4le, que <strong>j&rsquo;aimerais jouer un peu comme je l&rsquo;ai fait en tant que coureur : avec passion et d\u00e9termination pour un travail que j&rsquo;aime<\/strong>. Je suis \u00e9galement tr\u00e8s intrigu\u00e9e de voir ce travail sous un nouvel angle : il est stimulant de penser \u00e0 la mani\u00e8re dont je peux y contribuer maintenant.<\/p>\n<p>Le directeur sportif de Jayco AlUla, Gene Bates, a ajout\u00e9 : \u00ab\u00a0C&rsquo;est formidable d&rsquo;avoir Alessandro chez Jayco AlUla pour la prochaine \u00e9tape de sa carri\u00e8re cycliste. <Depuis qu'il est dans le groupe, Alessandro s'est forg\u00e9 une r\u00e9putation de coureur intelligent et il est tr\u00e8s respect\u00e9 dans le groupe<\/strong>. La transition de coureur \u00e0 membre du personnel peut \u00eatre difficile, mais nous pensons qu&rsquo;il peut progresser et que notre environnement est propice \u00e0 son apprentissage.<\/p>\n","protected":false},"excerpt":{"rendered":"<p>Alessandro De Marchi entame un nouveau chapitre de sa vie professionnelle. Le Team Jayco AlUla a annonc\u00e9 que le Frioulan sera le nouveau directeur sportif de l&rsquo;\u00e9quipe dans laquelle il a couru les trois derni\u00e8res ann\u00e9es de sa carri\u00e8re professionnelle, qui s&rsquo;est achev\u00e9e le 19 octobre lors de la Veneto Classic 2025, o\u00f9 il a &hellip;<\/p>\n","protected":false},"author":20,"featured_media":163121,"comment_status":"open","ping_status":"open","sticky":false,"template":"","format":"standard","meta":{"footnotes":""},"categories":[3],"tags":[],"class_list":["post-163122","post","type-post","status-publish","format-standard","has-post-thumbnail","hentry","category-autre"],"_links":{"self":[{"href":"https:\/\/cyclingpro.net\/velopro\/wp-json\/wp\/v2\/posts\/163122","targetHints":{"allow":["GET"]}}],"collection":[{"href":"https:\/\/cyclingpro.net\/velopro\/wp-json\/wp\/v2\/posts"}],"about":[{"href":"https:\/\/cyclingpro.net\/velopro\/wp-json\/wp\/v2\/types\/post"}],"author":[{"embeddable":true,"href":"https:\/\/cyclingpro.net\/velopro\/wp-json\/wp\/v2\/users\/20"}],"replies":[{"embeddable":true,"href":"https:\/\/cyclingpro.net\/velopro\/wp-json\/wp\/v2\/comments?post=163122"}],"version-history":[{"count":0,"href":"https:\/\/cyclingpro.net\/velopro\/wp-json\/wp\/v2\/posts\/163122\/revisions"}],"wp:featuredmedia":[{"embeddable":true,"href":"https:\/\/cyclingpro.net\/velopro\/wp-json\/wp\/v2\/media\/163121"}],"wp:attachment":[{"href":"https:\/\/cyclingpro.net\/velopro\/wp-json\/wp\/v2\/media?parent=163122"}],"wp:term":[{"taxonomy":"category","embeddable":true,"href":"https:\/\/cyclingpro.net\/velopro\/wp-json\/wp\/v2\/categories?post=163122"},{"taxonomy":"post_tag","embeddable":true,"href":"https:\/\/cyclingpro.net\/velopro\/wp-json\/wp\/v2\/tags?post=163122"}],"curies":[{"name":"wp","href":"https:\/\/api.w.org\/{rel}","templated":true}]}}