{"id":163116,"date":"2025-12-06T08:33:40","date_gmt":"2025-12-06T07:33:40","guid":{"rendered":"https:\/\/cyclingpro.net\/velopro\/uncategorized\/velo-dor-2025-tadej-pogacar-et-pauline-ferrand-prevot-triomphent-matteo-trentin-sest-egalement-impose\/"},"modified":"2025-12-06T08:33:40","modified_gmt":"2025-12-06T07:33:40","slug":"velo-dor-2025-tadej-pogacar-et-pauline-ferrand-prevot-triomphent-matteo-trentin-sest-egalement-impose","status":"publish","type":"post","link":"https:\/\/cyclingpro.net\/velopro\/autre\/velo-dor-2025-tadej-pogacar-et-pauline-ferrand-prevot-triomphent-matteo-trentin-sest-egalement-impose\/","title":{"rendered":"V\u00e9lo d&rsquo;Or 2025, Tadej Poga\u010dar et Pauline Ferrand-Prevot triomphent. Matteo Trentin s&rsquo;est \u00e9galement impos\u00e9"},"content":{"rendered":"<p>Pas de grande surprise dans l&rsquo;attribution du <a href=\"https:\/\/cyclingpro.net\/spaziociclismo\/worldtour\/velo-dor-2025-annunciati-i-candidati-maschili-e-femminili\/\" target=\"_blank\" rel=\"noopener\"><strong>V\u00e9lo d&rsquo;Or 2025<\/strong><\/a>. La plus importante r\u00e9compense cycliste a \u00e9t\u00e9 attribu\u00e9e aux deux stars absolues de cette saison : <strong>Tadej Poga\u010dar<\/strong> chez les hommes, <strong>Pauline Ferrand-Prevot<\/strong> chez les femmes. Le Slov\u00e8ne a connu une nouvelle ann\u00e9e sensationnelle, remportant son quatri\u00e8me Tour de France et sa cinqui\u00e8me Lombardie d&rsquo;affil\u00e9e, ainsi que son deuxi\u00e8me championnat du monde, le Tour des Flandres et Li\u00e8ge-Bastogne-Li\u00e8ge. Le total des succ\u00e8s de la saison s&rsquo;\u00e9l\u00e8ve \u00e0 20, sur les terrains les plus vari\u00e9s : il est impensable que quelqu&rsquo;un d&rsquo;autre ait pu \u00eatre \u00e9limin\u00e9. Chez les femmes, en revanche, la Fran\u00e7aise a \u00e9cras\u00e9 la concurrence au Tour de France Femmes, qu&rsquo;elle a remport\u00e9 avec 3&rsquo;42\u00a0\u00bb d&rsquo;avance sur sa dauphine Demi Vollering, et \u00e0 Paris &#8211; Tours Elite Femmes.<\/p>\n<p>Pour <strong>Tadej Poga\u010dar<\/strong>, c&rsquo;est le troisi\u00e8me <strong>V\u00e9lo d&rsquo;Or<\/strong> qu&rsquo;il re\u00e7oit dans sa carri\u00e8re, ce qui lui permet de devancer <strong>Chris Froome<\/strong>. Le Slov\u00e8ne n&rsquo;est plus qu&rsquo;\u00e0 une longueur du record absolu de quatre victoires, d\u00e9tenu par <strong>Alberto Contador<\/strong>. Il n&rsquo;est pas difficile d&rsquo;imaginer qu&rsquo;il pourrait \u00e9galer, et probablement d\u00e9passer, l&rsquo;Espagnol. Pour <strong>Pauline Ferrand-Pr\u00e9vot<\/strong>, en revanche, c&rsquo;est la premi\u00e8re fois que le prix est d\u00e9cern\u00e9 par <em>V\u00e9lo Magazine<\/em>, qui a \u00e9galement mis en place le <strong>V\u00e9lo d&rsquo;Or<\/strong> pour les femmes depuis 2022.<\/p>\n<p>Dans les autres cat\u00e9gories, le <strong>Troph\u00e9e Eddy Merckx <\/strong>pour le meilleur cycliste dans les classiques est all\u00e9 \u00e0 <strong>Tadej Poga\u010dar <\/str>chez les hommes, \u00e0 <strong>Lorena Wiebes <\/strong>chez les femmes. <strong>Kevin Vauquelin <\/strong>a remport\u00e9 le <strong>Troph\u00e9e Bernard Hinault 2025<\/strong> en tant que meilleur Fran\u00e7ais, tandis que chez les femmes, l&rsquo;\u00e9quivalent <strong>Troph\u00e9e Jeannie Longo <\/strong>ne pouvait aller qu&rsquo;\u00e0 <strong>Pauline Ferrand-Pr\u00e9vot<\/strong>. <strong>Alexandre L\u00e9aut\u00e9 <\/strong>a re\u00e7u le prix du <strong>meilleur paracycliste fran\u00e7ais 2025<\/strong>. <\/strong>Enfin, <strong>Matteo Trentin<\/strong> a \u00e9galement re\u00e7u le <strong>Prix Gino M\u00e4der <\/strong>pour son implication dans la collecte de fonds en faveur des enfants malades.<\/p>\n<h2>V\u00e9lo d&rsquo;Or 2025, tous les prix<\/h2>\n<p><strong>V\u00e9lo d&rsquo;Or Hommes 2025 : <\/strong>Tadej Poga\u010dar<strong>.<br \/>\n<\/strong><strong>V\u00e9lo d&rsquo;Or Femmes 2025<\/strong> : Pauline Ferrand-Pr\u00e9vot.<\/p>\n<div class=\"wrap-anywhere typo-tk-rs-body-md text-content-block-default-text-fill-01\" data-testid=\"body-paragraph\"><b data-testid=\"body-text-bold\">Meilleur Paracycliste Fran\u00e7ais 2025<\/b> : Alexandre L\u00e9aut\u00e9<\/div>\n<p>.<\/p>\n<div class=\"wrap-anywhere typo-tk-rs-body-md text-content-block-default-text-fill-01\" data-testid=\"body-paragraph\"><b data-testid=\"body-text-bold\">Troph\u00e9e Eddy Merckx Femmes 2025:<\/b> Lorena Wiebes<\/div>\n<div class=\"wrap-anywhere typo-tk-rs-body-md text-content-block-default-text-fill-01\" data-testid=\"body-paragraph\"><b data-testid=\"body-text-bold\">Troph\u00e9e Eddy Merckx Hommes 2025<\/b> : Tadej Pogacar<\/div>\n<div class=\"wrap-anywhere typo-tk-rs-body-md text-content-block-default-text-fill-01\" data-testid=\"body-paragraph\"><b data-testid=\"body-text-bold\">Troph\u00e9e Bernard Hinault 2025<\/b> : Kevin Vauquelin<\/div>\n<div class=\"wrap-anywhere typo-tk-rs-body-md text-content-block-default-text-fill-01\" data-testid=\"body-paragraph\"><b data-testid=\"body-text-bold\">Prix Gino M\u00e4der<\/b> : Matteo Trentin<\/div>\n<div class=\"wrap-anywhere typo-tk-rs-body-md text-content-block-default-text-fill-01\" data-testid=\"body-paragraph\"><b data-testid=\"body-text-bold\">Troph\u00e9e Jeannie Longo 2025<\/b> : Pauline Ferrand Pr\u00e9vot.<\/div>\n","protected":false},"excerpt":{"rendered":"<p>Pas de grande surprise dans l&rsquo;attribution du V\u00e9lo d&rsquo;Or 2025. La plus importante r\u00e9compense cycliste a \u00e9t\u00e9 attribu\u00e9e aux deux stars absolues de cette saison : Tadej Poga\u010dar chez les hommes, Pauline Ferrand-Prevot chez les femmes. Le Slov\u00e8ne a connu une nouvelle ann\u00e9e sensationnelle, remportant son quatri\u00e8me Tour de France et sa cinqui\u00e8me Lombardie d&rsquo;affil\u00e9e, &hellip;<\/p>\n","protected":false},"author":20,"featured_media":163115,"comment_status":"open","ping_status":"open","sticky":false,"template":"","format":"standard","meta":{"footnotes":""},"categories":[3],"tags":[],"class_list":["post-163116","post","type-post","status-publish","format-standard","has-post-thumbnail","hentry","category-autre"],"_links":{"self":[{"href":"https:\/\/cyclingpro.net\/velopro\/wp-json\/wp\/v2\/posts\/163116","targetHints":{"allow":["GET"]}}],"collection":[{"href":"https:\/\/cyclingpro.net\/velopro\/wp-json\/wp\/v2\/posts"}],"about":[{"href":"https:\/\/cyclingpro.net\/velopro\/wp-json\/wp\/v2\/types\/post"}],"author":[{"embeddable":true,"href":"https:\/\/cyclingpro.net\/velopro\/wp-json\/wp\/v2\/users\/20"}],"replies":[{"embeddable":true,"href":"https:\/\/cyclingpro.net\/velopro\/wp-json\/wp\/v2\/comments?post=163116"}],"version-history":[{"count":0,"href":"https:\/\/cyclingpro.net\/velopro\/wp-json\/wp\/v2\/posts\/163116\/revisions"}],"wp:featuredmedia":[{"embeddable":true,"href":"https:\/\/cyclingpro.net\/velopro\/wp-json\/wp\/v2\/media\/163115"}],"wp:attachment":[{"href":"https:\/\/cyclingpro.net\/velopro\/wp-json\/wp\/v2\/media?parent=163116"}],"wp:term":[{"taxonomy":"category","embeddable":true,"href":"https:\/\/cyclingpro.net\/velopro\/wp-json\/wp\/v2\/categories?post=163116"},{"taxonomy":"post_tag","embeddable":true,"href":"https:\/\/cyclingpro.net\/velopro\/wp-json\/wp\/v2\/tags?post=163116"}],"curies":[{"name":"wp","href":"https:\/\/api.w.org\/{rel}","templated":true}]}}