{"id":163114,"date":"2025-12-06T08:00:58","date_gmt":"2025-12-06T07:00:58","guid":{"rendered":"https:\/\/cyclingpro.net\/velopro\/uncategorized\/il-y-a-un-an-mbh-bank-colpack-ballan-csb-enrico-simoni-fils-de-gilberto-18-ans-arrive-je-suis-un-grimpeur-qui-prefere-les-longues-ascensions\/"},"modified":"2025-12-06T08:00:58","modified_gmt":"2025-12-06T07:00:58","slug":"il-y-a-un-an-mbh-bank-colpack-ballan-csb-enrico-simoni-fils-de-gilberto-18-ans-arrive-je-suis-un-grimpeur-qui-prefere-les-longues-ascensions","status":"publish","type":"post","link":"https:\/\/cyclingpro.net\/velopro\/autre\/il-y-a-un-an-mbh-bank-colpack-ballan-csb-enrico-simoni-fils-de-gilberto-18-ans-arrive-je-suis-un-grimpeur-qui-prefere-les-longues-ascensions\/","title":{"rendered":"Il y a un an&#8230; MBH Bank Colpack Ballan CSB, Enrico Simoni (fils de Gilberto), 18 ans, arrive : \u00ab\u00a0Je suis un grimpeur qui pr\u00e9f\u00e8re les longues ascensions\u00a0\u00bb."},"content":{"rendered":"<p>L&rsquo;\u00e9quipe MBH Bank Colpack Ballan CSB annonce une nouvelle signature. Apr\u00e8s Cesare Chesini, la formation bergamasque a ajout\u00e9 \u00e0 son tableau de chasse Enrico Simoni, 18 ans, un jeune grimpeur du Trentin qui suit les traces de son p\u00e8re, Gilberto Simoni, double vainqueur du Giro d&rsquo;Italia et capable de monter cinq fois sur le podium de la Corsa Rosa au cours de sa carri\u00e8re. N\u00e9 en 2006 et r\u00e9sidant \u00e0 Pal\u00f9 di Giovo, une ville de grande tradition cycliste, le nouvel espoir arrive de l&rsquo;US Montecorona, avec laquelle il a remport\u00e9 une victoire et plusieurs places ces derni\u00e8res ann\u00e9es, se proposant dans sa nouvelle cat\u00e9gorie avec beaucoup d&rsquo;enthousiasme et de d\u00e9termination.<\/p>\n<p>Je me consid\u00e8re comme un grimpeur qui pr\u00e9f\u00e8re les longues ascensions\u00a0\u00bb, explique le jeune coureur du Trentin, \u00ab\u00a0en 2024, j&rsquo;ai beaucoup appris \u00e0 bien des \u00e9gards, et cela m&rsquo;aidera \u00e0 \u00e9viter les m\u00eames erreurs\u00a0\u00bb. Au cours de la saison qui vient de s&rsquo;achever, en raison d&rsquo;un probl\u00e8me de rotation du bassin, je n&rsquo;ai pu m&rsquo;exprimer au mieux que dans la seconde moiti\u00e9 de l&rsquo;ann\u00e9e, et j&rsquo;ai remport\u00e9 la victoire \u00e0 Piancavallo le deuxi\u00e8me dimanche de septembre\u00a0\u00bb.<\/p>\n<p>Grimpeur longiligne, il a commenc\u00e9 le cyclisme assez tard, mais a vite compris sa voie : \u00ab\u00a0J&rsquo;ai commenc\u00e9 le cyclisme comme stagiaire, \u00e0 l&rsquo;\u00e2ge de 15 ans, et depuis lors jusqu&rsquo;\u00e0 la saison derni\u00e8re, j&rsquo;ai toujours port\u00e9 le maillot de Montecorona, l&rsquo;\u00e9quipe de mon village qui m&rsquo;a soutenu \u00e0 chaque occasion. D\u00e8s la premi\u00e8re saison, je me suis rendu compte que je pr\u00e9f\u00e9rais les mont\u00e9es aux autres terrains, et d\u00e8s ma deuxi\u00e8me ann\u00e9e, j&rsquo;ai pu remporter une victoire \u00e0 Udine, avec une arriv\u00e9e en mont\u00e9e\u00a0\u00bb.<\/p>\n<p>La nouvelle ann\u00e9e sera donc un carrefour important pour lui : \u00ab\u00a0Je me pr\u00e9pare \u00e0 faire mes d\u00e9buts dans une \u00e9quipe que j&rsquo;ai toujours admir\u00e9e depuis mes premi\u00e8res chevauch\u00e9es, lorsque je suivais les victoires de Juan Ayuso au Giro d&rsquo;Italia U23. L&rsquo;environnement est extr\u00eamement stimulant, notamment gr\u00e2ce aux qualit\u00e9s de mes nouveaux co\u00e9quipiers.\u00a0\u00bb<\/p>\n<p>Le propri\u00e9taire Antonio Bevilacqua lui souhaite la bienvenue : \u00ab\u00a0Nous sommes pr\u00eats \u00e0 travailler avec Enrico, qui est un coureur qui n&rsquo;a pas encore exprim\u00e9 son potentiel et avec lequel nous esp\u00e9rons pouvoir entamer un bon parcours de croissance.<\/p>\n","protected":false},"excerpt":{"rendered":"<p>L&rsquo;\u00e9quipe MBH Bank Colpack Ballan CSB annonce une nouvelle signature. Apr\u00e8s Cesare Chesini, la formation bergamasque a ajout\u00e9 \u00e0 son tableau de chasse Enrico Simoni, 18 ans, un jeune grimpeur du Trentin qui suit les traces de son p\u00e8re, Gilberto Simoni, double vainqueur du Giro d&rsquo;Italia et capable de monter cinq fois sur le podium &hellip;<\/p>\n","protected":false},"author":20,"featured_media":163113,"comment_status":"open","ping_status":"open","sticky":false,"template":"","format":"standard","meta":{"footnotes":""},"categories":[3],"tags":[],"class_list":["post-163114","post","type-post","status-publish","format-standard","has-post-thumbnail","hentry","category-autre"],"_links":{"self":[{"href":"https:\/\/cyclingpro.net\/velopro\/wp-json\/wp\/v2\/posts\/163114","targetHints":{"allow":["GET"]}}],"collection":[{"href":"https:\/\/cyclingpro.net\/velopro\/wp-json\/wp\/v2\/posts"}],"about":[{"href":"https:\/\/cyclingpro.net\/velopro\/wp-json\/wp\/v2\/types\/post"}],"author":[{"embeddable":true,"href":"https:\/\/cyclingpro.net\/velopro\/wp-json\/wp\/v2\/users\/20"}],"replies":[{"embeddable":true,"href":"https:\/\/cyclingpro.net\/velopro\/wp-json\/wp\/v2\/comments?post=163114"}],"version-history":[{"count":0,"href":"https:\/\/cyclingpro.net\/velopro\/wp-json\/wp\/v2\/posts\/163114\/revisions"}],"wp:featuredmedia":[{"embeddable":true,"href":"https:\/\/cyclingpro.net\/velopro\/wp-json\/wp\/v2\/media\/163113"}],"wp:attachment":[{"href":"https:\/\/cyclingpro.net\/velopro\/wp-json\/wp\/v2\/media?parent=163114"}],"wp:term":[{"taxonomy":"category","embeddable":true,"href":"https:\/\/cyclingpro.net\/velopro\/wp-json\/wp\/v2\/categories?post=163114"},{"taxonomy":"post_tag","embeddable":true,"href":"https:\/\/cyclingpro.net\/velopro\/wp-json\/wp\/v2\/tags?post=163114"}],"curies":[{"name":"wp","href":"https:\/\/api.w.org\/{rel}","templated":true}]}}