{"id":163112,"date":"2025-12-05T19:53:02","date_gmt":"2025-12-05T18:53:02","guid":{"rendered":"https:\/\/cyclingpro.net\/velopro\/uncategorized\/soudal-quick-step-pas-de-retour-pour-tom-boonen-il-ny-a-pas-eu-de-discussions-mais-je-nai-jamais-postule-pour-une-place\/"},"modified":"2025-12-05T19:53:02","modified_gmt":"2025-12-05T18:53:02","slug":"soudal-quick-step-pas-de-retour-pour-tom-boonen-il-ny-a-pas-eu-de-discussions-mais-je-nai-jamais-postule-pour-une-place","status":"publish","type":"post","link":"https:\/\/cyclingpro.net\/velopro\/autre\/soudal-quick-step-pas-de-retour-pour-tom-boonen-il-ny-a-pas-eu-de-discussions-mais-je-nai-jamais-postule-pour-une-place\/","title":{"rendered":"Soudal Quick-Step, pas de retour pour Tom Boonen : \u00ab\u00a0Il n&rsquo;y a pas eu de discussions, mais je n&rsquo;ai jamais postul\u00e9 pour une place\u00a0\u00bb."},"content":{"rendered":"<p>Au moins pour l&rsquo;instant, <strong>Tom Boonen<\/strong> ne reviendra pas chez <strong>Soudal Quick-Step<\/strong>. Ces derni\u00e8res semaines, le Belge de 45 ans <a href=\"https:\/\/cyclingpro.net\/spaziociclismo\/worldtour\/soudal-quick-step-tom-boonen-apre-a-un-suo-ritorno-se-ce-un-momento-giusto-e-ora\/\">avait d\u00e9clar\u00e9 qu&rsquo;il souhaitait rejoindre l&rsquo;\u00e9quipe<\/a> dans laquelle, en tant que coureur, il a \u00e9volu\u00e9 de 2003 \u00e0 2017 pour occuper le poste de directeur sportif, avec un accent particulier sur les bien-aim\u00e9es Classiques du Nord, dans lesquelles il a remport\u00e9 ses plus grands succ\u00e8s. Avec les adieux de Remco Evenepoel, le Wolfpack s&rsquo;est en effet recentr\u00e9 sur ce type de courses, comme en t\u00e9moigne un Transferts qui a vu les arriv\u00e9es de Jasper Stuyven et Dylan Van Baarle, et Tornado Tom a donc estim\u00e9 qu&rsquo;il pouvait apporter sa contribution \u00e0 la cause.<\/p>\n<p>En fin de compte, il semble que rien ne se passera, notamment parce qu&rsquo;il n&rsquo;y a jamais eu de contact r\u00e9el entre les deux parties : \u00ab\u00a0<strong>Non, il n&rsquo;y a pas eu de discussions<\/strong>, a d\u00e9clar\u00e9 Boonen \u00e0 <a href=\"https:\/\/sporza.be\/nl\/2025\/12\/05\/-er-waren-geen-gesprekken-tom-boonen-keert-niet-terug-naar-the-wolfpack-maar-ziet-wel-opties-om-toppers-te-ambeteren~1764927650908\/\"><em>Sporza<\/em><\/a> &#8211; <strong>Je n&rsquo;ai jamais demand\u00e9 une place, hein<\/strong>. Lors d&rsquo;une interview dans un journal, on m&rsquo;a demand\u00e9 si j&rsquo;aimerais revenir, car l&rsquo;\u00e9quipe est en train de prendre une autre identit\u00e9\u00a0\u00bb.<\/p>\n<p>\u00ab\u00a0L&rsquo;\u00e9quipe s&rsquo;est dot\u00e9e des moyens qui lui permettront d&#8217;emb\u00eater les meilleurs coureurs dans les classiques\u00a0\u00bb, poursuit l&rsquo;homme de 45 ans, \u00ab\u00a0<strong>S&rsquo;il y a un moment o\u00f9 j&rsquo;aurais aim\u00e9 faire quelque chose \u00e0 Soudal Quick-Step, \u00e7a aurait \u00e9t\u00e9 celui-l\u00e0\u00a0\u00bb. Mais le Belge n&rsquo;a pas re\u00e7u de coup de fil de la direction de l&rsquo;\u00e9quipe : \u00ab\u00a0<strong>Est-ce que j&rsquo;aurais pu apporter quelque chose \u00e0 l&rsquo;\u00e9quipe ? C&rsquo;est \u00e0 eux qu&rsquo;il faut poser la question<\/strong>. Mais je n&rsquo;ai jamais postul\u00e9 pour une place\u00a0\u00bb, conclut-il.<\/p>\n","protected":false},"excerpt":{"rendered":"<p>Au moins pour l&rsquo;instant, Tom Boonen ne reviendra pas chez Soudal Quick-Step. Ces derni\u00e8res semaines, le Belge de 45 ans avait d\u00e9clar\u00e9 qu&rsquo;il souhaitait rejoindre l&rsquo;\u00e9quipe dans laquelle, en tant que coureur, il a \u00e9volu\u00e9 de 2003 \u00e0 2017 pour occuper le poste de directeur sportif, avec un accent particulier sur les bien-aim\u00e9es Classiques du &hellip;<\/p>\n","protected":false},"author":20,"featured_media":163111,"comment_status":"open","ping_status":"open","sticky":false,"template":"","format":"standard","meta":{"footnotes":""},"categories":[3],"tags":[],"class_list":["post-163112","post","type-post","status-publish","format-standard","has-post-thumbnail","hentry","category-autre"],"_links":{"self":[{"href":"https:\/\/cyclingpro.net\/velopro\/wp-json\/wp\/v2\/posts\/163112","targetHints":{"allow":["GET"]}}],"collection":[{"href":"https:\/\/cyclingpro.net\/velopro\/wp-json\/wp\/v2\/posts"}],"about":[{"href":"https:\/\/cyclingpro.net\/velopro\/wp-json\/wp\/v2\/types\/post"}],"author":[{"embeddable":true,"href":"https:\/\/cyclingpro.net\/velopro\/wp-json\/wp\/v2\/users\/20"}],"replies":[{"embeddable":true,"href":"https:\/\/cyclingpro.net\/velopro\/wp-json\/wp\/v2\/comments?post=163112"}],"version-history":[{"count":0,"href":"https:\/\/cyclingpro.net\/velopro\/wp-json\/wp\/v2\/posts\/163112\/revisions"}],"wp:featuredmedia":[{"embeddable":true,"href":"https:\/\/cyclingpro.net\/velopro\/wp-json\/wp\/v2\/media\/163111"}],"wp:attachment":[{"href":"https:\/\/cyclingpro.net\/velopro\/wp-json\/wp\/v2\/media?parent=163112"}],"wp:term":[{"taxonomy":"category","embeddable":true,"href":"https:\/\/cyclingpro.net\/velopro\/wp-json\/wp\/v2\/categories?post=163112"},{"taxonomy":"post_tag","embeddable":true,"href":"https:\/\/cyclingpro.net\/velopro\/wp-json\/wp\/v2\/tags?post=163112"}],"curies":[{"name":"wp","href":"https:\/\/api.w.org\/{rel}","templated":true}]}}