{"id":163110,"date":"2025-12-05T19:10:45","date_gmt":"2025-12-05T18:10:45","guid":{"rendered":"https:\/\/cyclingpro.net\/velopro\/uncategorized\/le-velo-utilise-par-tadej-pogacar-lors-de-la-seconde-moitie-de-la-saison-a-ete-vendu-aux-encheres-pour-plus-de-163-000-e\/"},"modified":"2025-12-05T19:10:45","modified_gmt":"2025-12-05T18:10:45","slug":"le-velo-utilise-par-tadej-pogacar-lors-de-la-seconde-moitie-de-la-saison-a-ete-vendu-aux-encheres-pour-plus-de-163-000-e","status":"publish","type":"post","link":"https:\/\/cyclingpro.net\/velopro\/autre\/le-velo-utilise-par-tadej-pogacar-lors-de-la-seconde-moitie-de-la-saison-a-ete-vendu-aux-encheres-pour-plus-de-163-000-e\/","title":{"rendered":"Le v\u00e9lo utilis\u00e9 par Tadej Poga\u010dar lors de la seconde moiti\u00e9 de la saison a \u00e9t\u00e9 vendu aux ench\u00e8res pour plus de 163 000 \u20ac."},"content":{"rendered":"<p>Un bon <strong>190 500 $<\/strong> pour un v\u00e9lo utilis\u00e9 par <strong>Tadej Poga\u010dar<\/strong>. C&rsquo;est le prix qu&rsquo;a atteint le <strong>Colnago Y1Rs Naked Black<\/strong>, utilis\u00e9 par le ph\u00e9nom\u00e8ne slov\u00e8ne \u00e0 partir de l&rsquo;\u00e9tape du Mont Ventoux du dernier Tour de France et avec lequel le <strong>UAE Team Emirates XRG<\/strong> a non seulement remport\u00e9 la Grande Boucle, mais aussi les Championnats du monde, les Championnats d&rsquo;Europe et la cinqui\u00e8me Tour Lombardie cons\u00e9cutive. Le pr\u00e9cieux v\u00e9lo a \u00e9t\u00e9 la vedette, avec trois autres v\u00e9los Colnago, de la Sotheby&rsquo;s Collector&rsquo;s Week \u00e0 Abu Dhabi, une s\u00e9rie de ventes aux ench\u00e8res consacr\u00e9es \u00e0 des objets rares et de collection tels que des bijoux, des voitures et des montres, qui s&rsquo;est tenue ces derniers jours.<\/p>\n<p>La vente aux ench\u00e8res des quatre v\u00e9los Colnago s&rsquo;est achev\u00e9e cet apr\u00e8s-midi et celui de Poga\u010dar a atteint la somme vertigineuse de 190 500 dollars, soit un peu plus de <strong>163 600 euros<\/strong> au taux de change d&rsquo;aujourd&rsquo;hui. C&rsquo;est pratiquement dix fois l&rsquo;estimation initiale, qui avait \u00e9t\u00e9 fix\u00e9e entre 15 000 et 20 000 dollars. Le Colnago C35 Oro, fabriqu\u00e9 en collaboration avec Ferrari, s&rsquo;est vendu 35 560 $ (30 500 \u20ac), le C68 Rossa n\u00b0 1 utilis\u00e9 par Jo\u00e3o Almeida pour la pr\u00e9sentation de l&rsquo;\u00e9quipe de la Vuelta a Espa\u00f1a 2025 s&rsquo;est vendu 21 590 $ (18 500 \u20ac), tandis qu&rsquo;un v\u00e9lo de piste restaur\u00e9 selon les sp\u00e9cifications du record de l&rsquo;heure \u00e9tabli par Eddy Merckx en 1972 s&rsquo;est vendu 12 065 $ (10 300 \u20ac).<\/p>\n","protected":false},"excerpt":{"rendered":"<p>Un bon 190 500 $ pour un v\u00e9lo utilis\u00e9 par Tadej Poga\u010dar. C&rsquo;est le prix qu&rsquo;a atteint le Colnago Y1Rs Naked Black, utilis\u00e9 par le ph\u00e9nom\u00e8ne slov\u00e8ne \u00e0 partir de l&rsquo;\u00e9tape du Mont Ventoux du dernier Tour de France et avec lequel le UAE Team Emirates XRG a non seulement remport\u00e9 la Grande Boucle, mais &hellip;<\/p>\n","protected":false},"author":20,"featured_media":163109,"comment_status":"open","ping_status":"open","sticky":false,"template":"","format":"standard","meta":{"footnotes":""},"categories":[3],"tags":[],"class_list":["post-163110","post","type-post","status-publish","format-standard","has-post-thumbnail","hentry","category-autre"],"_links":{"self":[{"href":"https:\/\/cyclingpro.net\/velopro\/wp-json\/wp\/v2\/posts\/163110","targetHints":{"allow":["GET"]}}],"collection":[{"href":"https:\/\/cyclingpro.net\/velopro\/wp-json\/wp\/v2\/posts"}],"about":[{"href":"https:\/\/cyclingpro.net\/velopro\/wp-json\/wp\/v2\/types\/post"}],"author":[{"embeddable":true,"href":"https:\/\/cyclingpro.net\/velopro\/wp-json\/wp\/v2\/users\/20"}],"replies":[{"embeddable":true,"href":"https:\/\/cyclingpro.net\/velopro\/wp-json\/wp\/v2\/comments?post=163110"}],"version-history":[{"count":0,"href":"https:\/\/cyclingpro.net\/velopro\/wp-json\/wp\/v2\/posts\/163110\/revisions"}],"wp:featuredmedia":[{"embeddable":true,"href":"https:\/\/cyclingpro.net\/velopro\/wp-json\/wp\/v2\/media\/163109"}],"wp:attachment":[{"href":"https:\/\/cyclingpro.net\/velopro\/wp-json\/wp\/v2\/media?parent=163110"}],"wp:term":[{"taxonomy":"category","embeddable":true,"href":"https:\/\/cyclingpro.net\/velopro\/wp-json\/wp\/v2\/categories?post=163110"},{"taxonomy":"post_tag","embeddable":true,"href":"https:\/\/cyclingpro.net\/velopro\/wp-json\/wp\/v2\/tags?post=163110"}],"curies":[{"name":"wp","href":"https:\/\/api.w.org\/{rel}","templated":true}]}}