{"id":163108,"date":"2025-12-05T17:14:14","date_gmt":"2025-12-05T16:14:14","guid":{"rendered":"https:\/\/cyclingpro.net\/velopro\/uncategorized\/cyclocross-les-debuts-de-mathieu-van-der-poel-confirmes-le-14-decembre-a-namur\/"},"modified":"2025-12-05T17:14:14","modified_gmt":"2025-12-05T16:14:14","slug":"cyclocross-les-debuts-de-mathieu-van-der-poel-confirmes-le-14-decembre-a-namur","status":"publish","type":"post","link":"https:\/\/cyclingpro.net\/velopro\/autre\/cyclocross-les-debuts-de-mathieu-van-der-poel-confirmes-le-14-decembre-a-namur\/","title":{"rendered":"Cyclocross, les d\u00e9buts de Mathieu Van Der Poel confirm\u00e9s le 14 d\u00e9cembre \u00e0 Namur"},"content":{"rendered":"<p>La premi\u00e8re course de <strong>Mathieu Van Der Poel<\/strong> en cyclo-cross est d\u00e9sormais officielle. La semaine derni\u00e8re, <a href=\"https:\/\/cyclingpro.net\/spaziociclismo\/altro\/ciclocross\/alpecin-deceuninck-svelato-il-programma-di-mathieu-van-der-poel-nel-ciclocross-possibile-esordio-a-namur-il-14-dicembre\/\">avec l&rsquo;annonce du programme du N\u00e9erlandais de 30 ans<\/a>, il y avait en effet un point d&rsquo;interrogation \u00e0 c\u00f4t\u00e9 de ce qui aurait d\u00fb \u00eatre son d\u00e9but de saison dans la boue, la manche de <strong>Coupe du monde<\/strong> \u00e0 <strong>Namur<\/strong> le <strong>dimanche 14 d\u00e9cembre<\/strong>, mais maintenant le coureur et <strong>Alpecin-Deceuninck<\/strong> ont confirm\u00e9 que la course sera la premi\u00e8re pour le champion du monde de la sp\u00e9cialit\u00e9. <a href=\"https:\/\/cyclingpro.net\/spaziociclismo\/worldtour\/alpecin-deceuninck-mathieu-van-der-poel-ha-sofferto-a-lungo-per-gli-effetti-collaterali-della-polmonite-presa-al-tour-finalmente-stanno-scomparendo\/\">Apr\u00e8s s&rsquo;\u00eatre compl\u00e8tement remis des effets secondaires d&rsquo;une pneumonie contract\u00e9e en juillet<\/a> et avoir repris l&rsquo;entra\u00eenement ces derni\u00e8res semaines, Van Der Poel se sent suffisamment pr\u00eat pour raccrocher le dossard. Dans neuf jours, nous le verrons donc reprendre l&rsquo;action avant trois semaines charg\u00e9es pendant la p\u00e9riode des f\u00eates de No\u00ebl, qui seront suivies d&rsquo;une courte pause pour pr\u00e9parer les championnats du monde \u00e0 Hulst le 7 f\u00e9vrier.<\/p>\n<blockquote class=\"twitter-tweet\">\n<p dir=\"ltr\" lang=\"en\">&#038;#x1f4a5 ; Bonne nouvelle, confirm\u00e9e.<a href=\"https:\/\/twitter.com\/mathieuvdpoel?ref_src=twsrc%5Etfw\">@mathieuvdpoel<\/a> se sent suffisamment pr\u00eat pour d\u00e9buter sa saison de cyclocross dimanche prochain au <a href=\"https:\/\/twitter.com\/UCIcyclocrossWC?ref_src=twsrc%5Etfw\">@UCIcyclocrossWC<\/a> \u00e0 Namur. Le point d&rsquo;interrogation a disparu.<\/p>\n<p>Le champion du monde est de retour dans neuf jours &#038;#x1f680 ;<\/p>\n<p>Fans, pr\u00e9parez-vous ! Namur arrive.<a href=\"https:\/\/twitter.com\/hashtag\/AlpecinDeceuninck?src=hash&amp;ref_src=twsrc%5Etfw\">#AlpecinDeceuninck<\/a> <a href=\"https:\/\/t.co\/6J7mCKEG39\">pic.twitter.com\/6J7mCKEG39<\/a><\/p>\n<p>.<\/p>\n<p>&#8211; Alpecin-Deceuninck Cycling Team (@AlpecinDCK) <a href=\"https:\/\/twitter.com\/AlpecinDCK\/status\/1996959381036867993?ref_src=twsrc%5Etfw\">5 d\u00e9cembre 2025<\/a><\/p><\/blockquote>\n<p><script async src=\"https:\/\/platform.twitter.com\/widgets.js\" charset=\"utf-8\"><\/script><\/p>\n","protected":false},"excerpt":{"rendered":"<p>La premi\u00e8re course de Mathieu Van Der Poel en cyclo-cross est d\u00e9sormais officielle. La semaine derni\u00e8re, avec l&rsquo;annonce du programme du N\u00e9erlandais de 30 ans, il y avait en effet un point d&rsquo;interrogation \u00e0 c\u00f4t\u00e9 de ce qui aurait d\u00fb \u00eatre son d\u00e9but de saison dans la boue, la manche de Coupe du monde \u00e0 &hellip;<\/p>\n","protected":false},"author":20,"featured_media":163107,"comment_status":"open","ping_status":"open","sticky":false,"template":"","format":"standard","meta":{"footnotes":""},"categories":[3],"tags":[],"class_list":["post-163108","post","type-post","status-publish","format-standard","has-post-thumbnail","hentry","category-autre"],"_links":{"self":[{"href":"https:\/\/cyclingpro.net\/velopro\/wp-json\/wp\/v2\/posts\/163108","targetHints":{"allow":["GET"]}}],"collection":[{"href":"https:\/\/cyclingpro.net\/velopro\/wp-json\/wp\/v2\/posts"}],"about":[{"href":"https:\/\/cyclingpro.net\/velopro\/wp-json\/wp\/v2\/types\/post"}],"author":[{"embeddable":true,"href":"https:\/\/cyclingpro.net\/velopro\/wp-json\/wp\/v2\/users\/20"}],"replies":[{"embeddable":true,"href":"https:\/\/cyclingpro.net\/velopro\/wp-json\/wp\/v2\/comments?post=163108"}],"version-history":[{"count":0,"href":"https:\/\/cyclingpro.net\/velopro\/wp-json\/wp\/v2\/posts\/163108\/revisions"}],"wp:featuredmedia":[{"embeddable":true,"href":"https:\/\/cyclingpro.net\/velopro\/wp-json\/wp\/v2\/media\/163107"}],"wp:attachment":[{"href":"https:\/\/cyclingpro.net\/velopro\/wp-json\/wp\/v2\/media?parent=163108"}],"wp:term":[{"taxonomy":"category","embeddable":true,"href":"https:\/\/cyclingpro.net\/velopro\/wp-json\/wp\/v2\/categories?post=163108"},{"taxonomy":"post_tag","embeddable":true,"href":"https:\/\/cyclingpro.net\/velopro\/wp-json\/wp\/v2\/tags?post=163108"}],"curies":[{"name":"wp","href":"https:\/\/api.w.org\/{rel}","templated":true}]}}