{"id":163106,"date":"2025-12-05T16:37:05","date_gmt":"2025-12-05T15:37:05","guid":{"rendered":"https:\/\/cyclingpro.net\/velopro\/uncategorized\/tableau-daffichage-2025-lettre-f\/"},"modified":"2025-12-05T16:37:05","modified_gmt":"2025-12-05T15:37:05","slug":"tableau-daffichage-2025-lettre-f","status":"publish","type":"post","link":"https:\/\/cyclingpro.net\/velopro\/autre\/tableau-daffichage-2025-lettre-f\/","title":{"rendered":"Tableau d&rsquo;affichage 2025 lettre F"},"content":{"rendered":"<h1>Lettre F<\/h1>\n<p>.<br \/>\n<strong>Yevgeniy Fedorov (XDS Astana), 6<\/strong> : Le coureur kazakh a atteint les objectifs de son \u00e9quipe en Asie mais a eu du mal \u00e0 s&rsquo;imposer dans les grandes courses en Europe. Au d\u00e9but de la saison, il a remport\u00e9 le titre de champion continental du contre-la-montre avec plus d&rsquo;une minute d&rsquo;avance sur son co\u00e9quipier Gruzdev et dans le relais mixte. En juin, il r\u00e9it\u00e8re ses succ\u00e8s de l&rsquo;ann\u00e9e derni\u00e8re aux Championnats Nationaux, tant sur le contre-la-montre que sur la course en ligne. En Europe, en revanche, sa saison n&rsquo;a pas connu de temps forts : un top 10 au sprint de Valence sur le Tour de France (huiti\u00e8me place) et une troisi\u00e8me place au GP de Fourmies \/ La Voix du Nord.<\/p>\n<p><strong>Valentin Ferron (Cofidis), 5,5<\/strong> : Le sprint victorieux lors de la photo-finish du Grand Prix Cycliste La Marseillaise en f\u00e9vrier semblait de bon augure pour la suite de la saison. Le reste de l&rsquo;ann\u00e9e, cependant, le Fran\u00e7ais n&rsquo;a pas r\u00e9ussi \u00e0 s&rsquo;affirmer. Il a pris le d\u00e9part d&rsquo;un nombre limit\u00e9 de courses, sans les terminer dans de nombreux cas, embl\u00e9matique \u00e0 cet \u00e9gard \u00e9tant la p\u00e9riode entre la mi-avril et la mi-juillet o\u00f9 il n&rsquo;a franchi la ligne d&rsquo;arriv\u00e9e qu&rsquo;une seule fois.<\/p>\n<p><strong>Eddy Fin\u00e9<\/strong> <strong>(Cofidis), sv<\/strong> : Une saison termin\u00e9e pr\u00e9matur\u00e9ment en juin, le coureur transalpin de 27 ans se retirant d\u00e9finitivement de la comp\u00e9tition. Apr\u00e8s plusieurs op\u00e9rations au fil des ans pour tenter de contenir un probl\u00e8me d&rsquo;art\u00e8re iliaque depuis 2019, Fin\u00e9 a d\u00fb renoncer. Cette ann\u00e9e 2025, il n&rsquo;a boucl\u00e9 que deux courses sur sept avant ce choix douloureux, qui met fin \u00e0 un calvaire sportif de plusieurs ann\u00e9es.<\/p>\n<p><strong>Filippo Fiorelli (VF Group Bardiani &#8211; CSF Faizan\u00e8) 6,5<\/strong> : Fid\u00e8le \u00e0 la tradition de l&rsquo;\u00e9quipe, il a su se mettre en \u00e9vidence, en obtenant plusieurs classements, dans ses courses \u00e0 domicile. Trois top 10 au Giro d&rsquo;Italia (son meilleur r\u00e9sultat est la cinqui\u00e8me place au sprint de Matera) et un Giro d&rsquo;Abruzzo qu&rsquo;il a parcouru en protagoniste et qui s&rsquo;est termin\u00e9 par la conqu\u00eate du maillot cyclamen apr\u00e8s avoir caress\u00e9 le r\u00eave de porter \u00e9galement le maillot de leader du classement g\u00e9n\u00e9ral.<\/p>\n<p><Finn Fisher-Black (Red Bull-Bora-hansgrohe), 6,5<\/strong> : Lors de l&rsquo;ouverture de la saison sur ses terres, il a remport\u00e9 son premier titre national du contre-la-montre parmi l&rsquo;\u00e9lite, apr\u00e8s celui qu&rsquo;il avait d\u00e9croch\u00e9 dans la cat\u00e9gorie des moins de 23 ans en 2021. Apr\u00e8s avoir \u00e9t\u00e9 transf\u00e9r\u00e9 de UAE Team Emirates \u00e0 Red Bull &#8211; BORA &#8211; hansgrohe, il a couru la Vuelta pour la deuxi\u00e8me fois de sa carri\u00e8re, r\u00e9alisant une bonne performance lors du contre-la-montre par \u00e9quipes de la 4e \u00e9tape.<\/p>\n<p><strong>Anders Foldager (Team Jayco AlUla), 5,5<\/strong> : Pour le jeune Danois, il s&rsquo;agit d&rsquo;un l\u00e9ger recul par rapport \u00e0 l&rsquo;ann\u00e9e derni\u00e8re, alors qu&rsquo;il effectuait sa premi\u00e8re saison dans une \u00e9quipe World Tour. Cette ann\u00e9e, les places n&rsquo;ont pas manqu\u00e9 non plus : parmi les faits marquants, citons la quatri\u00e8me place dans l&rsquo;\u00e9tape de Saragosse \u00e0 la Vuelta et un double podium au Tour de Wallonie.<\/p>\n","protected":false},"excerpt":{"rendered":"<p>Lettre F . Yevgeniy Fedorov (XDS Astana), 6 : Le coureur kazakh a atteint les objectifs de son \u00e9quipe en Asie mais a eu du mal \u00e0 s&rsquo;imposer dans les grandes courses en Europe. Au d\u00e9but de la saison, il a remport\u00e9 le titre de champion continental du contre-la-montre avec plus d&rsquo;une minute d&rsquo;avance sur &hellip;<\/p>\n","protected":false},"author":20,"featured_media":0,"comment_status":"open","ping_status":"open","sticky":false,"template":"","format":"standard","meta":{"footnotes":""},"categories":[3],"tags":[],"class_list":["post-163106","post","type-post","status-publish","format-standard","hentry","category-autre"],"_links":{"self":[{"href":"https:\/\/cyclingpro.net\/velopro\/wp-json\/wp\/v2\/posts\/163106","targetHints":{"allow":["GET"]}}],"collection":[{"href":"https:\/\/cyclingpro.net\/velopro\/wp-json\/wp\/v2\/posts"}],"about":[{"href":"https:\/\/cyclingpro.net\/velopro\/wp-json\/wp\/v2\/types\/post"}],"author":[{"embeddable":true,"href":"https:\/\/cyclingpro.net\/velopro\/wp-json\/wp\/v2\/users\/20"}],"replies":[{"embeddable":true,"href":"https:\/\/cyclingpro.net\/velopro\/wp-json\/wp\/v2\/comments?post=163106"}],"version-history":[{"count":0,"href":"https:\/\/cyclingpro.net\/velopro\/wp-json\/wp\/v2\/posts\/163106\/revisions"}],"wp:attachment":[{"href":"https:\/\/cyclingpro.net\/velopro\/wp-json\/wp\/v2\/media?parent=163106"}],"wp:term":[{"taxonomy":"category","embeddable":true,"href":"https:\/\/cyclingpro.net\/velopro\/wp-json\/wp\/v2\/categories?post=163106"},{"taxonomy":"post_tag","embeddable":true,"href":"https:\/\/cyclingpro.net\/velopro\/wp-json\/wp\/v2\/tags?post=163106"}],"curies":[{"name":"wp","href":"https:\/\/api.w.org\/{rel}","templated":true}]}}