{"id":163105,"date":"2025-12-05T16:10:43","date_gmt":"2025-12-05T15:10:43","guid":{"rendered":"https:\/\/cyclingpro.net\/velopro\/uncategorized\/vf-group-bardiani-csf-faizane-2026-commence-par-un-stage-a-pise-du-7-au-12-decembre\/"},"modified":"2025-12-05T16:10:43","modified_gmt":"2025-12-05T15:10:43","slug":"vf-group-bardiani-csf-faizane-2026-commence-par-un-stage-a-pise-du-7-au-12-decembre","status":"publish","type":"post","link":"https:\/\/cyclingpro.net\/velopro\/autre\/vf-group-bardiani-csf-faizane-2026-commence-par-un-stage-a-pise-du-7-au-12-decembre\/","title":{"rendered":"VF Group &#8211; Bardiani CSF &#8211; Faizan\u00e8, 2026 commence par un stage \u00e0 Pise du 7 au 12 d\u00e9cembre"},"content":{"rendered":"<p>Le 2026 du <strong>VF Group &#8211; Bardiani CSF &#8211; Faizan\u00e8<\/strong> prend d\u00e9j\u00e0 forme. La formation italienne est pr\u00eate \u00e0 donner le coup d&rsquo;envoi officiel de la nouvelle saison avec le Cetilar\u00ae Nutrition Training Camp, pr\u00e9vu du 7 au 12 d\u00e9cembre \u00e0 Viareggio, o\u00f9 l&rsquo;\u00e9quipe s\u00e9journera toute la semaine. Pendant cette p\u00e9riode, les coureurs de l&rsquo;\u00e9quipe effectueront des tests fonctionnels, des \u00e9valuations m\u00e9dicales, du travail athl\u00e9tique et de la planification technique avec le soutien de <strong>Athletica Cetilar\u00ae Performance Center<\/strong>, bas\u00e9 \u00e0 Pise, le centre de m\u00e9decine sportive, de pr\u00e9paration athl\u00e9tique, de physioth\u00e9rapie, de r\u00e9habilitation et d&rsquo;entra\u00eenement mental appartenant au groupe thermal Pharmanutra, qui accompagnera l&rsquo;\u00e9quipe dans la pr\u00e9paration physique, la pr\u00e9vention et la gestion de la performance.<\/p>\n<p>Apr\u00e8s les examens m\u00e9dicaux \u00e0 Poliambulatori San Gaetano, l&rsquo;\u00e9quipe se rendra \u00e0 Viareggio, o\u00f9 le Dr. <strong>Andrea Giorgi<\/strong> et la responsable de la performance <strong>Borja Martinez<\/strong> rejoindront \u00e9galement le groupe. Les deux premiers jours \u00e0 Viareggio seront consacr\u00e9s aux tests de lactate et aux analyses anthropom\u00e9triques, qui sont essentiels pour dresser un tableau physiologique pr\u00e9cis de chaque coureur. Ensuite, l&rsquo;\u00e9quipe se consacrera \u00e0 l&rsquo;entra\u00eenement sur route et \u00e0 des exercices sp\u00e9cifiques dans la salle de sport avec le personnel de l&rsquo;Athletica Cetilar\u00ae Performance Center, ainsi qu&rsquo;\u00e0 des moments de discussion technique lors des r\u00e9unions du soir. Plus tard dans la semaine, des tests <strong>VO<\/strong><strong>\u2082<\/strong><strong>max<\/strong> et quelques tests de sprint auront lieu.<\/p>\n<p>Le manager de l&rsquo;\u00e9quipe <strong>Roberto Reverberi<\/strong> a d\u00e9clar\u00e9 : \u00a0\u00bb Ce Cetilar\u00ae Nutrition Training Camp est une \u00e9tape n\u00e9cessaire pour construire une saison solide et organis\u00e9e. Le <em>Athletica Cetilar<\/em><strong><em>\u00ae Performance Center <\/em><\/strong> repr\u00e9sente une valeur ajout\u00e9e importante pour nous : les tests et analyses nous fournissent des informations pr\u00e9cieuses pour d\u00e9finir un programme personnalis\u00e9 pour chaque athl\u00e8te. Une ann\u00e9e 2026 pleine de d\u00e9fis nous attend et nous voulons l&rsquo;entamer avec une base de travail scientifique et bien structur\u00e9e\u00a0\u00bb.<\/p>\n<p>Le responsable sant\u00e9 de l&rsquo;\u00e9quipe, <strong>Maurizio Vicini<\/strong> : \u00ab\u00a0Ces journ\u00e9es entre Thiene, Viareggio et Pise nous permettront d&rsquo;avoir une vision compl\u00e8te de la sant\u00e9 et de la condition athl\u00e9tique des coureurs. Les examens m\u00e9dicaux, les tests fonctionnels et la contribution de <em>Athletica Cetilar<\/em><strong><em>Performance Center<\/em> font de cette retraite un moment id\u00e9al pour mettre en place une pr\u00e9paration vraiment sur mesure. La pr\u00e9vention, le suivi et la gestion de l&rsquo;entra\u00eenement restent les piliers de notre travail.<\/p>\n","protected":false},"excerpt":{"rendered":"<p>Le 2026 du VF Group &#8211; Bardiani CSF &#8211; Faizan\u00e8 prend d\u00e9j\u00e0 forme. La formation italienne est pr\u00eate \u00e0 donner le coup d&rsquo;envoi officiel de la nouvelle saison avec le Cetilar\u00ae Nutrition Training Camp, pr\u00e9vu du 7 au 12 d\u00e9cembre \u00e0 Viareggio, o\u00f9 l&rsquo;\u00e9quipe s\u00e9journera toute la semaine. Pendant cette p\u00e9riode, les coureurs de l&rsquo;\u00e9quipe &hellip;<\/p>\n","protected":false},"author":20,"featured_media":163104,"comment_status":"open","ping_status":"open","sticky":false,"template":"","format":"standard","meta":{"footnotes":""},"categories":[3],"tags":[],"class_list":["post-163105","post","type-post","status-publish","format-standard","has-post-thumbnail","hentry","category-autre"],"_links":{"self":[{"href":"https:\/\/cyclingpro.net\/velopro\/wp-json\/wp\/v2\/posts\/163105","targetHints":{"allow":["GET"]}}],"collection":[{"href":"https:\/\/cyclingpro.net\/velopro\/wp-json\/wp\/v2\/posts"}],"about":[{"href":"https:\/\/cyclingpro.net\/velopro\/wp-json\/wp\/v2\/types\/post"}],"author":[{"embeddable":true,"href":"https:\/\/cyclingpro.net\/velopro\/wp-json\/wp\/v2\/users\/20"}],"replies":[{"embeddable":true,"href":"https:\/\/cyclingpro.net\/velopro\/wp-json\/wp\/v2\/comments?post=163105"}],"version-history":[{"count":0,"href":"https:\/\/cyclingpro.net\/velopro\/wp-json\/wp\/v2\/posts\/163105\/revisions"}],"wp:featuredmedia":[{"embeddable":true,"href":"https:\/\/cyclingpro.net\/velopro\/wp-json\/wp\/v2\/media\/163104"}],"wp:attachment":[{"href":"https:\/\/cyclingpro.net\/velopro\/wp-json\/wp\/v2\/media?parent=163105"}],"wp:term":[{"taxonomy":"category","embeddable":true,"href":"https:\/\/cyclingpro.net\/velopro\/wp-json\/wp\/v2\/categories?post=163105"},{"taxonomy":"post_tag","embeddable":true,"href":"https:\/\/cyclingpro.net\/velopro\/wp-json\/wp\/v2\/tags?post=163105"}],"curies":[{"name":"wp","href":"https:\/\/api.w.org\/{rel}","templated":true}]}}