{"id":163103,"date":"2025-12-05T15:51:59","date_gmt":"2025-12-05T14:51:59","guid":{"rendered":"https:\/\/cyclingpro.net\/velopro\/uncategorized\/lidl-trek-mattias-skjelmose-battre-pogacar-a-amstel-a-donne-de-lespoir-au-peloton-les-autres-coureurs-mont-dit-que-cetait-une-benediction\/"},"modified":"2025-12-05T15:51:59","modified_gmt":"2025-12-05T14:51:59","slug":"lidl-trek-mattias-skjelmose-battre-pogacar-a-amstel-a-donne-de-lespoir-au-peloton-les-autres-coureurs-mont-dit-que-cetait-une-benediction","status":"publish","type":"post","link":"https:\/\/cyclingpro.net\/velopro\/autre\/lidl-trek-mattias-skjelmose-battre-pogacar-a-amstel-a-donne-de-lespoir-au-peloton-les-autres-coureurs-mont-dit-que-cetait-une-benediction\/","title":{"rendered":"Lidl-Trek, Mattias Skjelmose : \u00ab\u00a0Battre Poga\u010dar \u00e0 Amstel a donn\u00e9 de l&rsquo;espoir au peloton. Les autres coureurs m&rsquo;ont dit que c&rsquo;\u00e9tait une b\u00e9n\u00e9diction\u00a0\u00bb."},"content":{"rendered":"<p><strong>Mattias Skjelmose<\/strong> revit le meilleur moment de sa saison et raconte une petite histoire. Le coureur de <strong>Lidl-Trek<\/strong> est revenu sur sa victoire lors de l&rsquo;<strong>Amstel Gold Race 2025<\/strong>, moment privil\u00e9gi\u00e9 de son ann\u00e9e. \u00c0 cette occasion, le Danois s&rsquo;est impos\u00e9 dans un sprint \u00e0 trois face \u00e0 <strong>Tadej Poga\u010dar <\/strong>et <strong>Remco Evenepoel<\/strong>, peut-\u00eatre les deux coureurs les plus forts du monde \u00e0 l&rsquo;heure actuelle dans les classiques les plus difficiles. Dans le reste de la saison, la classe 2000 n&rsquo;a pas connu d&rsquo;exploits aussi importants, probablement \u00e0 part la quatri\u00e8me place aux <a href=\"https:\/\/cyclingpro.net\/spaziociclismo\/kigali-2025\/mondiali-kigali-2025-tadej-pogacar-aggiorna-il-libro-dei-primati-e-con-il-lombardia-alle-porte-puo-scrivere-altre-pagine-di-storia\/\"><strong>Championnats du monde de Kigali 2025<\/strong><\/a>, en partie \u00e0 cause de probl\u00e8mes physiques qui ont affect\u00e9 ses performances. Mais le succ\u00e8s dans la classique n\u00e9erlandaise restera dans son histoire personnelle.<\/p>\n<p>\u00ab\u00a0La victoire a donn\u00e9 de l&rsquo;espoir \u00e0 d&rsquo;autres coureurs dans le peloton, a-t-il r\u00e9v\u00e9l\u00e9 dans une interview avec <em>Wieler Revue<\/em> &#8211; D&rsquo;autres coureurs venaient me voir et me disaient que c&rsquo;\u00e9tait une b\u00e9n\u00e9diction pour le sport. Non, je n&rsquo;ai pas de photo de ce moment sur le mur de ma maison, mais j&rsquo;ai quelques belles images sauvegard\u00e9es dans la galerie de mon t\u00e9l\u00e9phone. La plus belle est celle o\u00f9 nous soulevons tous nos v\u00e9los sur la ligne d&rsquo;arriv\u00e9e. J&rsquo;ai eu une saison assez difficile, mais c&rsquo;est bien de pouvoir dire : \u00a0\u00bb Aussi difficile que cela ait \u00e9t\u00e9, j&rsquo;ai gagn\u00e9 l&rsquo;Amstel Gold Race \u00ab\u00a0. <strong>Et je l&rsquo;ai fait contre Poga\u010dar et Evenepoel. Et personne ne m&rsquo;enl\u00e8vera jamais \u00e7a<\/strong>\u00ab\u00a0.<\/p>\n<p>Revenant sur cette journ\u00e9e, <a href=\"https:\/\/cyclingpro.net\/spaziociclismo\/worldtour\/lidl-trek-luca-guercilena-sul-possibile-dualismo-ayuso-skjelmose-luscita-di-mattias-e-stata-un-po-fuori-posto-ma-comprensibile\/\"><strong>Mattias Skjelmose <\/strong><\/a> a rappel\u00e9 : \u00ab\u00a0Quand Alaphilippe a attaqu\u00e9, j&rsquo;ai \u00e9t\u00e9 bloqu\u00e9 par Ben Healy. Ensuite, je n&rsquo;ai pas pu revenir pendant cinq m\u00e8tres, en partie parce que j&rsquo;ai d\u00e9cid\u00e9 de ne pas aller jusqu&rsquo;au bout. Avec le recul, ce n&rsquo;\u00e9tait pas la bonne tactique. <J'ai \u00e9videmment pass\u00e9 une excellente journ\u00e9e, mais en termes de sensations, j'ai connu des journ\u00e9es encore meilleures en 2025. La derni\u00e8re fois sur le Cauberg, je contr\u00f4lais la situation. Je pense que Remco voulait simplement g\u00e9rer le rythme, sans essayer de se d\u00e9tacher de nous. Je pense que nous \u00e9tions tous confiants dans notre sprint. <Dans le final, je n'\u00e9tais pas nerveux, je voulais juste faire de mon mieux au sprint<\/strong>. J&rsquo;aurais alors \u00e9t\u00e9 premier, deuxi\u00e8me ou troisi\u00e8me. C&rsquo;est une qualit\u00e9 de ne pas trop penser \u00e0 tout. Je me suis surtout concentr\u00e9 sur ce que j&rsquo;avais \u00e0 faire et je n&rsquo;ai pas pens\u00e9 \u00e0 la grandeur de la course et \u00e0 l&rsquo;opportunit\u00e9 que cela repr\u00e9sentait pour moi de battre deux des meilleurs joueurs du monde<\/strong>\u00ab\u00a0.<\/p>\n","protected":false},"excerpt":{"rendered":"<p>Mattias Skjelmose revit le meilleur moment de sa saison et raconte une petite histoire. Le coureur de Lidl-Trek est revenu sur sa victoire lors de l&rsquo;Amstel Gold Race 2025, moment privil\u00e9gi\u00e9 de son ann\u00e9e. \u00c0 cette occasion, le Danois s&rsquo;est impos\u00e9 dans un sprint \u00e0 trois face \u00e0 Tadej Poga\u010dar et Remco Evenepoel, peut-\u00eatre les &hellip;<\/p>\n","protected":false},"author":20,"featured_media":163102,"comment_status":"open","ping_status":"open","sticky":false,"template":"","format":"standard","meta":{"footnotes":""},"categories":[3],"tags":[],"class_list":["post-163103","post","type-post","status-publish","format-standard","has-post-thumbnail","hentry","category-autre"],"_links":{"self":[{"href":"https:\/\/cyclingpro.net\/velopro\/wp-json\/wp\/v2\/posts\/163103","targetHints":{"allow":["GET"]}}],"collection":[{"href":"https:\/\/cyclingpro.net\/velopro\/wp-json\/wp\/v2\/posts"}],"about":[{"href":"https:\/\/cyclingpro.net\/velopro\/wp-json\/wp\/v2\/types\/post"}],"author":[{"embeddable":true,"href":"https:\/\/cyclingpro.net\/velopro\/wp-json\/wp\/v2\/users\/20"}],"replies":[{"embeddable":true,"href":"https:\/\/cyclingpro.net\/velopro\/wp-json\/wp\/v2\/comments?post=163103"}],"version-history":[{"count":0,"href":"https:\/\/cyclingpro.net\/velopro\/wp-json\/wp\/v2\/posts\/163103\/revisions"}],"wp:featuredmedia":[{"embeddable":true,"href":"https:\/\/cyclingpro.net\/velopro\/wp-json\/wp\/v2\/media\/163102"}],"wp:attachment":[{"href":"https:\/\/cyclingpro.net\/velopro\/wp-json\/wp\/v2\/media?parent=163103"}],"wp:term":[{"taxonomy":"category","embeddable":true,"href":"https:\/\/cyclingpro.net\/velopro\/wp-json\/wp\/v2\/categories?post=163103"},{"taxonomy":"post_tag","embeddable":true,"href":"https:\/\/cyclingpro.net\/velopro\/wp-json\/wp\/v2\/tags?post=163103"}],"curies":[{"name":"wp","href":"https:\/\/api.w.org\/{rel}","templated":true}]}}