{"id":163101,"date":"2025-12-05T15:33:29","date_gmt":"2025-12-05T14:33:29","guid":{"rendered":"https:\/\/cyclingpro.net\/velopro\/uncategorized\/visma-lease-a-bike-wout-van-aert-pense-au-scenario-dans-lequel-il-peut-gagner-les-flandres-lannee-derniere-jetais-desavantage\/"},"modified":"2025-12-05T15:33:29","modified_gmt":"2025-12-05T14:33:29","slug":"visma-lease-a-bike-wout-van-aert-pense-au-scenario-dans-lequel-il-peut-gagner-les-flandres-lannee-derniere-jetais-desavantage","status":"publish","type":"post","link":"https:\/\/cyclingpro.net\/velopro\/autre\/visma-lease-a-bike-wout-van-aert-pense-au-scenario-dans-lequel-il-peut-gagner-les-flandres-lannee-derniere-jetais-desavantage\/","title":{"rendered":"Visma | Lease a Bike, Wout Van Aert pense au sc\u00e9nario dans lequel il peut gagner les Flandres : \u00ab\u00a0L&rsquo;ann\u00e9e derni\u00e8re, j&rsquo;\u00e9tais d\u00e9savantag\u00e9\u00a0\u00bb."},"content":{"rendered":"<p><strong><a href=\"https:\/\/cyclingpro.net\/spaziociclismo\/altro\/ciclocross\/vismalease-a-bike-ufficiale-il-programma-di-ciclocross-di-wout-van-aert-otto-gare-in-agenda-debutto-ad-anversa-sabato-20-dicembre\/\" target=\"_blank\" rel=\"noopener\">Wout Van Aert<\/a> <\/strong>r\u00e9fl\u00e9chit d\u00e9j\u00e0 aux moyens possibles pour tenter de remporter le <strong>Flanders Tour 2026<\/strong>. Le coureur belge n&rsquo;a pas r\u00e9ussi cette ann\u00e9e \u00e0 contrer la domination de <strong>Mathieu Van der Poel <\/strong>et <strong>Tadej Poga\u010dar<\/strong> dans les classiques les plus adapt\u00e9es \u00e0 ses caract\u00e9ristiques, terminant quatri\u00e8me \u00e0 la fois dans les Flandres et \u00e0 <strong>Paris-Roubaix<\/strong>. Le <strong>Visma | Lease a Bike<\/strong> a toutefois r\u00e9ussi \u00e0 \u00eatre protagoniste avec de belles victoires d&rsquo;\u00e9tape au Giro d&rsquo;Italia, sur les routes caillouteuses de Sienne, et au Tour de France, dans la merveilleuse \u00e9tape finale \u00e0 Paris &#8211; Tours Elite avec le circuit de Montmartre. Pour la saison prochaine, cependant, l&rsquo;un des objectifs sera certainement de conqu\u00e9rir une classique monumentale.<\/p>\n<p>Dans une interview avec <em>Het Nieuwsblad<\/em>, la classe 94 a d\u00e9clar\u00e9 : \u00ab\u00a0<strong>Si je ne croyais pas que je pouvais gagner le Tour des Flandres, peut-\u00eatre que seuls trois coureurs au monde pourraient le faire<\/strong>. Il sera tr\u00e8s difficile de le faire, et il en va de m\u00eame pour Paris-Roubaix, mais cela reste un objectif logique pour ma carri\u00e8re. Je suis toujours convaincu que je peux le faire. Alors oui, je veux continuer \u00e0 poursuivre cet objectif. Tout d&rsquo;abord, je dois croire que je peux \u00eatre au d\u00e9part \u00e0 un meilleur niveau que l&rsquo;ann\u00e9e derni\u00e8re. Toutes les conditions sont r\u00e9unies pour que je sois un peu mieux au d\u00e9part.<\/p>\n<p>\u00ab\u00a0Je pourrais aussi avoir de meilleures situations de course\u00a0\u00bb, poursuit <strong><a href=\"https:\/\/cyclingpro.net\/spaziociclismo\/worldtour\/vismalease-a-bike-lallenatore-di-wout-van-aert-le-gare-di-ciclocross-sono-divertimento-i-veri-obiettivi-sono-in-primavera-fare-strade-bianche-e-sanremo-e-una-possibilita\/\" target=\"_blank\" rel=\"noopener\">Wout Van Aert<\/a> <\/strong>dans son analyse, \u00ab\u00a0L&rsquo;ann\u00e9e derni\u00e8re, cela aurait pu \u00eatre \u00e0 mon d\u00e9savantage que Mathieu soit un peu malade et, \u00e0 en juger par la fa\u00e7on dont cela s&rsquo;est pass\u00e9, il semblait un peu en dessous du niveau de Poga\u010dar. Si Mathieu avait \u00e9t\u00e9 plus proche de lui, je pense qu&rsquo;ils se seraient neutralis\u00e9s pendant longtemps. Ils travaillent souvent bien ensemble, mais dans les dix derniers kilom\u00e8tres, cela devient une autre histoire. Pour moi, le pire sc\u00e9nario \u00e9tait que l&rsquo;un des deux termine le Paterberg avec un \u00e9cart important. Au d\u00e9part, je veux essayer de les suivre tous les deux : <strong>peut-\u00eatre qu&rsquo;il y aura aussi une \u00e9dition o\u00f9 ils se regarderont l&rsquo;un l&rsquo;autre et \u00e0 ce moment-l\u00e0, je serai l\u00e0 avec les leaders<\/strong>\u00ab\u00a0.<\/p>\n","protected":false},"excerpt":{"rendered":"<p>Wout Van Aert r\u00e9fl\u00e9chit d\u00e9j\u00e0 aux moyens possibles pour tenter de remporter le Flanders Tour 2026. Le coureur belge n&rsquo;a pas r\u00e9ussi cette ann\u00e9e \u00e0 contrer la domination de Mathieu Van der Poel et Tadej Poga\u010dar dans les classiques les plus adapt\u00e9es \u00e0 ses caract\u00e9ristiques, terminant quatri\u00e8me \u00e0 la fois dans les Flandres et \u00e0 &hellip;<\/p>\n","protected":false},"author":20,"featured_media":163100,"comment_status":"open","ping_status":"open","sticky":false,"template":"","format":"standard","meta":{"footnotes":""},"categories":[3],"tags":[],"class_list":["post-163101","post","type-post","status-publish","format-standard","has-post-thumbnail","hentry","category-autre"],"_links":{"self":[{"href":"https:\/\/cyclingpro.net\/velopro\/wp-json\/wp\/v2\/posts\/163101","targetHints":{"allow":["GET"]}}],"collection":[{"href":"https:\/\/cyclingpro.net\/velopro\/wp-json\/wp\/v2\/posts"}],"about":[{"href":"https:\/\/cyclingpro.net\/velopro\/wp-json\/wp\/v2\/types\/post"}],"author":[{"embeddable":true,"href":"https:\/\/cyclingpro.net\/velopro\/wp-json\/wp\/v2\/users\/20"}],"replies":[{"embeddable":true,"href":"https:\/\/cyclingpro.net\/velopro\/wp-json\/wp\/v2\/comments?post=163101"}],"version-history":[{"count":0,"href":"https:\/\/cyclingpro.net\/velopro\/wp-json\/wp\/v2\/posts\/163101\/revisions"}],"wp:featuredmedia":[{"embeddable":true,"href":"https:\/\/cyclingpro.net\/velopro\/wp-json\/wp\/v2\/media\/163100"}],"wp:attachment":[{"href":"https:\/\/cyclingpro.net\/velopro\/wp-json\/wp\/v2\/media?parent=163101"}],"wp:term":[{"taxonomy":"category","embeddable":true,"href":"https:\/\/cyclingpro.net\/velopro\/wp-json\/wp\/v2\/categories?post=163101"},{"taxonomy":"post_tag","embeddable":true,"href":"https:\/\/cyclingpro.net\/velopro\/wp-json\/wp\/v2\/tags?post=163101"}],"curies":[{"name":"wp","href":"https:\/\/api.w.org\/{rel}","templated":true}]}}