{"id":163093,"date":"2025-12-05T13:32:14","date_gmt":"2025-12-05T12:32:14","guid":{"rendered":"https:\/\/cyclingpro.net\/velopro\/uncategorized\/alpecin-premiertech-staff-2026-presente-francesco-busatto-parmi-les-12-nouveaux-et-luca-vergallito-confirme\/"},"modified":"2025-12-05T13:32:14","modified_gmt":"2025-12-05T12:32:14","slug":"alpecin-premiertech-staff-2026-presente-francesco-busatto-parmi-les-12-nouveaux-et-luca-vergallito-confirme","status":"publish","type":"post","link":"https:\/\/cyclingpro.net\/velopro\/autre\/alpecin-premiertech-staff-2026-presente-francesco-busatto-parmi-les-12-nouveaux-et-luca-vergallito-confirme\/","title":{"rendered":"Alpecin-PremierTech, staff 2026 pr\u00e9sent\u00e9 : Francesco Busatto parmi les 12 nouveaux et Luca Vergallito confirm\u00e9"},"content":{"rendered":"<p>L&rsquo;\u00e9quipe Alpecin &#8211; Premier Tech comptera 30 coureurs. Tout juste de l&rsquo;arriv\u00e9e du nouveau co-sponsor, ainsi que du renouvellement du partenaire historique, la formation de Mathieu van der Poel accueille, avec la soci\u00e9t\u00e9 canadienne, Hugo Houle, qui suit la marque nord-am\u00e9ricaine dans le transfert du d\u00e9sormais ex-Isra\u00ebl &#8211; Premier Tech. Le coureur qu\u00e9b\u00e9cois est accompagn\u00e9 de sept autres hommes, qui avaient d\u00e9j\u00e0 \u00e9t\u00e9 associ\u00e9s \u00e0 l&rsquo;\u00e9quipe de diverses mani\u00e8res au cours de ces semaines de Transferts, \u00e0 savoir Maurice Ballerstedt, Francesco Busatto, Lindsay De Vylder, Jonas Geens, Tim Marsman, Florian S\u00e9n\u00e9chal et Gerben Thijssen, qui rejoignent les quatre n\u00e9o-professionnels d\u00e9j\u00e0 annonc\u00e9s : Lennert Belmans, Aaron Dockx, Sente Sentjens et Senna Remijn.<\/p>\n<p>Lors de la pr\u00e9sentation de l&rsquo;\u00e9quipe de la saison prochaine, les coureurs confirm\u00e9s ont \u00e9galement \u00e9t\u00e9 annonc\u00e9s parmi ceux qui \u00e9taient en fin de contrat, Michael Gogl, Jensen Plowright et Henri Uhlig, ainsi que Luca Vergallito, qui avait d\u00e9j\u00e0 un contrat avec l&rsquo;\u00e9quipe sans que celle-ci ne l&rsquo;ait officialis\u00e9. En revanche, Sam Gaze et Juri Hollman ne figurent pas sur la liste, qui comprend \u00e9galement Edward Planckaert, qui a renonc\u00e9 \u00e0 rejoindre la Soudal Quick-Step, et qui quitte donc l&rsquo;\u00e9quipe.<\/p>\n","protected":false},"excerpt":{"rendered":"<p>L&rsquo;\u00e9quipe Alpecin &#8211; Premier Tech comptera 30 coureurs. Tout juste de l&rsquo;arriv\u00e9e du nouveau co-sponsor, ainsi que du renouvellement du partenaire historique, la formation de Mathieu van der Poel accueille, avec la soci\u00e9t\u00e9 canadienne, Hugo Houle, qui suit la marque nord-am\u00e9ricaine dans le transfert du d\u00e9sormais ex-Isra\u00ebl &#8211; Premier Tech. Le coureur qu\u00e9b\u00e9cois est accompagn\u00e9 &hellip;<\/p>\n","protected":false},"author":20,"featured_media":163092,"comment_status":"open","ping_status":"open","sticky":false,"template":"","format":"standard","meta":{"footnotes":""},"categories":[3],"tags":[],"class_list":["post-163093","post","type-post","status-publish","format-standard","has-post-thumbnail","hentry","category-autre"],"_links":{"self":[{"href":"https:\/\/cyclingpro.net\/velopro\/wp-json\/wp\/v2\/posts\/163093","targetHints":{"allow":["GET"]}}],"collection":[{"href":"https:\/\/cyclingpro.net\/velopro\/wp-json\/wp\/v2\/posts"}],"about":[{"href":"https:\/\/cyclingpro.net\/velopro\/wp-json\/wp\/v2\/types\/post"}],"author":[{"embeddable":true,"href":"https:\/\/cyclingpro.net\/velopro\/wp-json\/wp\/v2\/users\/20"}],"replies":[{"embeddable":true,"href":"https:\/\/cyclingpro.net\/velopro\/wp-json\/wp\/v2\/comments?post=163093"}],"version-history":[{"count":0,"href":"https:\/\/cyclingpro.net\/velopro\/wp-json\/wp\/v2\/posts\/163093\/revisions"}],"wp:featuredmedia":[{"embeddable":true,"href":"https:\/\/cyclingpro.net\/velopro\/wp-json\/wp\/v2\/media\/163092"}],"wp:attachment":[{"href":"https:\/\/cyclingpro.net\/velopro\/wp-json\/wp\/v2\/media?parent=163093"}],"wp:term":[{"taxonomy":"category","embeddable":true,"href":"https:\/\/cyclingpro.net\/velopro\/wp-json\/wp\/v2\/categories?post=163093"},{"taxonomy":"post_tag","embeddable":true,"href":"https:\/\/cyclingpro.net\/velopro\/wp-json\/wp\/v2\/tags?post=163093"}],"curies":[{"name":"wp","href":"https:\/\/api.w.org\/{rel}","templated":true}]}}