{"id":163089,"date":"2025-12-05T10:58:59","date_gmt":"2025-12-05T09:58:59","guid":{"rendered":"https:\/\/cyclingpro.net\/velopro\/uncategorized\/vismalease-to-bike-jonas-vingegaard-jure-fidelite-a-lequipe-je-ne-me-vois-pas-courir-ailleurs\/"},"modified":"2025-12-05T10:58:59","modified_gmt":"2025-12-05T09:58:59","slug":"vismalease-to-bike-jonas-vingegaard-jure-fidelite-a-lequipe-je-ne-me-vois-pas-courir-ailleurs","status":"publish","type":"post","link":"https:\/\/cyclingpro.net\/velopro\/autre\/vismalease-to-bike-jonas-vingegaard-jure-fidelite-a-lequipe-je-ne-me-vois-pas-courir-ailleurs\/","title":{"rendered":"Visma|Lease to Bike, Jonas Vingegaard jure fid\u00e9lit\u00e9 \u00e0 l&rsquo;\u00e9quipe : \u00ab\u00a0Je ne me vois pas courir ailleurs\u00a0\u00bb."},"content":{"rendered":"<p>Cycliquement, la rumeur selon laquelle <strong>Jonas Vingegaard<\/strong> pourrait quitter <strong>Visma|Lease a Bike<\/strong> revient sur le devant de la sc\u00e8ne. Le coureur danois, vainqueur de la <strong>Vuelta a Espa\u00f1a 2025<\/strong> et dans sa carri\u00e8re d\u00e9j\u00e0 capable de ramener deux Tour de France, d\u00e9fend les couleurs jaune et noir depuis qu&rsquo;il est pass\u00e9 professionnel au d\u00e9but de la saison 2019. Vingegaard est souvent approch\u00e9 par l&rsquo;<strong>Uno-X Mobility<\/strong>, qui est une \u00e9quipe en pleine ascension (\u00e0 partir de 2026, elle sera WorldTour) et qui ne compte d&rsquo;ailleurs que des coureurs norv\u00e9giens, voire danois, dans son effectif. <a href=\"https:\/\/cyclingpro.net\/spaziociclismo\/ciclomercato\/ciclomercato-2027-jonathan-milan-tornera-alla-bahrain-e-jonas-vingegaard-lascera-la-visma\/\" target=\"_blank\" rel=\"noopener\">Un Vingegaard c\u00e9dant \u00e0 une \u00e9ventuelle cour des Giallorossi semble donc un sc\u00e9nario possible<\/a>, mais l&rsquo;int\u00e9ress\u00e9 lui-m\u00eame ne semble m\u00eame pas y trouver \u00e0 redire.<\/p>\n<p>Aller dans une autre \u00e9quipe ? Non, je ne pourrais jamais &#8211; les mots du champion danois contenus dans une interview accord\u00e9e \u00e0 <a href=\"https:\/\/ekstrabladet.dk\/sport\/cykling\/fortryder-ikke-interview-ikke-noget-problem\/11015909\" target=\"_blank\" rel=\"noopener\"><em>EkstraBladet<\/em><\/a> &#8211; Tout d&rsquo;abord, j&rsquo;ai toujours&#8230; <strong>Je ne sais m\u00eame pas combien d&rsquo;ann\u00e9es de contrat j&rsquo;ai encore avec Visma|Lease a Bike<\/strong> (d&rsquo;apr\u00e8s les communications officielles, l&rsquo;expiration du lien actuel est \u00e0 la fin de 2028 &#8211; <em>ndr<\/em>) ! Mais, \u00e0 part cela, je cours avec eux depuis tellement d&rsquo;ann\u00e9es que je ne me vois pas dans une autre \u00e9quipe.<\/p>\n<p>Donc, pas de conflit avec l&rsquo;\u00e9quipe, compte tenu \u00e9galement de ce qui s&rsquo;est pass\u00e9 avant le Tour 2025, lorsque c&rsquo;\u00e9tait la femme de Vingegaard, <strong>Trine Marie Hansen<\/strong>, <a href=\"https:\/\/cyclingpro.net\/spaziociclismo\/worldtour\/vismalease-a-bike-the-wife-of-jonas-vingegaard-accuses-the-team-they're-pushing-him-too-big-too-far-beyond-response-we-decide-together\/\" target=\"_blank\" rel=\"noopener\">de susciter une certaine controverse concernant la gestion de son mari par Visma|Lease a Bike<\/a> : \u00ab\u00a0Peut-\u00eatre que le moment de cette interview n&rsquo;\u00e9tait pas id\u00e9al &#8211; le commentaire du Danois sur l&rsquo;affaire, maintenant des mois plus tard &#8211; <strong>Mais je suis dou\u00e9e pour mettre de c\u00f4t\u00e9 ce qui se passe et ne pas y penser trop longtemps.<\/Pour autant que je sache, ce n'\u00e9tait pas un probl\u00e8me au sein de l'\u00e9quipe. Pour moi, en tout cas, \u00e7a ne l'\u00e9tait pas.\n<\/p>\n","protected":false},"excerpt":{"rendered":"<p>Cycliquement, la rumeur selon laquelle Jonas Vingegaard pourrait quitter Visma|Lease a Bike revient sur le devant de la sc\u00e8ne. Le coureur danois, vainqueur de la Vuelta a Espa\u00f1a 2025 et dans sa carri\u00e8re d\u00e9j\u00e0 capable de ramener deux Tour de France, d\u00e9fend les couleurs jaune et noir depuis qu&rsquo;il est pass\u00e9 professionnel au d\u00e9but de &hellip;<\/p>\n","protected":false},"author":20,"featured_media":163088,"comment_status":"open","ping_status":"open","sticky":false,"template":"","format":"standard","meta":{"footnotes":""},"categories":[3],"tags":[],"class_list":["post-163089","post","type-post","status-publish","format-standard","has-post-thumbnail","hentry","category-autre"],"_links":{"self":[{"href":"https:\/\/cyclingpro.net\/velopro\/wp-json\/wp\/v2\/posts\/163089","targetHints":{"allow":["GET"]}}],"collection":[{"href":"https:\/\/cyclingpro.net\/velopro\/wp-json\/wp\/v2\/posts"}],"about":[{"href":"https:\/\/cyclingpro.net\/velopro\/wp-json\/wp\/v2\/types\/post"}],"author":[{"embeddable":true,"href":"https:\/\/cyclingpro.net\/velopro\/wp-json\/wp\/v2\/users\/20"}],"replies":[{"embeddable":true,"href":"https:\/\/cyclingpro.net\/velopro\/wp-json\/wp\/v2\/comments?post=163089"}],"version-history":[{"count":0,"href":"https:\/\/cyclingpro.net\/velopro\/wp-json\/wp\/v2\/posts\/163089\/revisions"}],"wp:featuredmedia":[{"embeddable":true,"href":"https:\/\/cyclingpro.net\/velopro\/wp-json\/wp\/v2\/media\/163088"}],"wp:attachment":[{"href":"https:\/\/cyclingpro.net\/velopro\/wp-json\/wp\/v2\/media?parent=163089"}],"wp:term":[{"taxonomy":"category","embeddable":true,"href":"https:\/\/cyclingpro.net\/velopro\/wp-json\/wp\/v2\/categories?post=163089"},{"taxonomy":"post_tag","embeddable":true,"href":"https:\/\/cyclingpro.net\/velopro\/wp-json\/wp\/v2\/tags?post=163089"}],"curies":[{"name":"wp","href":"https:\/\/api.w.org\/{rel}","templated":true}]}}