{"id":162980,"date":"2025-12-01T11:20:46","date_gmt":"2025-12-01T10:20:46","guid":{"rendered":"https:\/\/cyclingpro.net\/velopro\/uncategorized\/nsn-cycling-team-arrivee-officielle-de-biniam-girmay-jusquen-2028\/"},"modified":"2025-12-01T11:20:46","modified_gmt":"2025-12-01T10:20:46","slug":"nsn-cycling-team-arrivee-officielle-de-biniam-girmay-jusquen-2028","status":"publish","type":"post","link":"https:\/\/cyclingpro.net\/velopro\/autre\/nsn-cycling-team-arrivee-officielle-de-biniam-girmay-jusquen-2028\/","title":{"rendered":"NSN Cycling Team, arriv\u00e9e officielle de Biniam Girmay jusqu&rsquo;en 2028"},"content":{"rendered":"<p><span style=\"font-weight : 400 ;\"><strong>Biniam Girmay<\/strong> passe officiellement \u00e0 la <strong>NSN Cycling Team<\/strong>, l&rsquo;ancienne Israel &#8211; Premier Tech. Apr\u00e8s de nombreuses rumeurs ces derni\u00e8res semaines, l&rsquo;un des coups les plus importants du Transferts 2026 s&rsquo;est donc concr\u00e9tis\u00e9. L&rsquo;Erythr\u00e9en de 25 ans a sign\u00e9 un contrat de trois ans, jusqu&rsquo;en 2028, apr\u00e8s avoir \u00e9t\u00e9 lib\u00e9r\u00e9 par <strong>Intermarch\u00e9-Wanty<\/strong>, qui <a href=\"https:\/\/cyclingpro.net\/spaziociclismo\/ciclomercato\/intermarche-wanty-ufficiale-laddio-a-biniam-girmay-abbiamo-fatto-la-storia-insieme\/\" target=\"_blank\" rel=\"noopener\">lui avait fait ses adieux il y a quelques jours avec une vid\u00e9o de c\u00e9l\u00e9bration sp\u00e9ciale soulignant qu&rsquo;ils avaient \u00e9crit une page d&rsquo;histoire ensemble<\/a>. Malgr\u00e9 une derni\u00e8re saison en de\u00e7\u00e0 des attentes, le natif d&rsquo;Asmara <a href=\"https:\/\/cyclingpro.net\/spaziociclismo\/altro\/africa-biniam-girmay-e-kim-le-court-premiati-quali-ciclisti-dellanno-2025\/\">a \u00e9galement remport\u00e9 le prix du meilleur cycliste africain de 2025<\/a>, pour la cinqui\u00e8me fois de sa carri\u00e8re.<\/span><\/p>\n<blockquote class=\"twitter-tweet\">\n<p dir=\"ltr\" lang=\"en\">Il y a un enregistrement tardif au camp de l&rsquo;\u00e9quipe NSN ! <\/p>\n<p>.<br \/>\nUn homme qui a marqu\u00e9 l&rsquo;histoire. Vainqueur du maillot vert du Tour de France. Inspiration.<\/p>\n<p>Bienvenue, <a href=\"https:\/\/twitter.com\/GrmayeBiniam?ref_src=twsrc%5Etfw\">@GrmayeBiniam<\/a> &#8211; aux trois prochaines ann\u00e9es ensemble &#x1f91d;<a href=\"https:\/\/twitter.com\/hashtag\/VeniViniBini?src=hash&amp;ref_src=twsrc%5Etfw\">#VeniViniBini<\/a> <a href=\"https:\/\/twitter.com\/hashtag\/WeAreNSN?src=hash&amp;ref_src=twsrc%5Etfw\">#WeAreNSN<\/a> | <a href=\"https:\/\/twitter.com\/weare_NSN?ref_src=twsrc%5Etfw\">@weare_NSN<\/a> <a href=\"https:\/\/t.co\/XnuO5Pu3lg\">pic.twitter.com\/XnuO5Pu3lg<\/a><\/p>\n<p>&#8211; NSN Cycling Team (@NSNCyclingTeam) <a href=\"https:\/\/twitter.com\/NSNCyclingTeam\/status\/1995432877241368876?ref_src=twsrc%5Etfw\">1er d\u00e9cembre 2025<\/a><\/p><\/blockquote>\n","protected":false},"excerpt":{"rendered":"<p>Biniam Girmay passe officiellement \u00e0 la NSN Cycling Team, l&rsquo;ancienne Israel &#8211; Premier Tech. Apr\u00e8s de nombreuses rumeurs ces derni\u00e8res semaines, l&rsquo;un des coups les plus importants du Transferts 2026 s&rsquo;est donc concr\u00e9tis\u00e9. L&rsquo;Erythr\u00e9en de 25 ans a sign\u00e9 un contrat de trois ans, jusqu&rsquo;en 2028, apr\u00e8s avoir \u00e9t\u00e9 lib\u00e9r\u00e9 par Intermarch\u00e9-Wanty, qui lui avait &hellip;<\/p>\n","protected":false},"author":20,"featured_media":162979,"comment_status":"open","ping_status":"open","sticky":false,"template":"","format":"standard","meta":{"footnotes":""},"categories":[3],"tags":[],"class_list":["post-162980","post","type-post","status-publish","format-standard","has-post-thumbnail","hentry","category-autre"],"_links":{"self":[{"href":"https:\/\/cyclingpro.net\/velopro\/wp-json\/wp\/v2\/posts\/162980","targetHints":{"allow":["GET"]}}],"collection":[{"href":"https:\/\/cyclingpro.net\/velopro\/wp-json\/wp\/v2\/posts"}],"about":[{"href":"https:\/\/cyclingpro.net\/velopro\/wp-json\/wp\/v2\/types\/post"}],"author":[{"embeddable":true,"href":"https:\/\/cyclingpro.net\/velopro\/wp-json\/wp\/v2\/users\/20"}],"replies":[{"embeddable":true,"href":"https:\/\/cyclingpro.net\/velopro\/wp-json\/wp\/v2\/comments?post=162980"}],"version-history":[{"count":0,"href":"https:\/\/cyclingpro.net\/velopro\/wp-json\/wp\/v2\/posts\/162980\/revisions"}],"wp:featuredmedia":[{"embeddable":true,"href":"https:\/\/cyclingpro.net\/velopro\/wp-json\/wp\/v2\/media\/162979"}],"wp:attachment":[{"href":"https:\/\/cyclingpro.net\/velopro\/wp-json\/wp\/v2\/media?parent=162980"}],"wp:term":[{"taxonomy":"category","embeddable":true,"href":"https:\/\/cyclingpro.net\/velopro\/wp-json\/wp\/v2\/categories?post=162980"},{"taxonomy":"post_tag","embeddable":true,"href":"https:\/\/cyclingpro.net\/velopro\/wp-json\/wp\/v2\/tags?post=162980"}],"curies":[{"name":"wp","href":"https:\/\/api.w.org\/{rel}","templated":true}]}}