{"id":162964,"date":"2025-11-30T15:50:26","date_gmt":"2025-11-30T14:50:26","guid":{"rendered":"https:\/\/cyclingpro.net\/velopro\/uncategorized\/unibet-rose-rockets-lukas-kubis-si-nous-courons-le-tour-de-france-je-veux-gagner-une-etape\/"},"modified":"2025-11-30T15:50:26","modified_gmt":"2025-11-30T14:50:26","slug":"unibet-rose-rockets-lukas-kubis-si-nous-courons-le-tour-de-france-je-veux-gagner-une-etape","status":"publish","type":"post","link":"https:\/\/cyclingpro.net\/velopro\/autre\/unibet-rose-rockets-lukas-kubis-si-nous-courons-le-tour-de-france-je-veux-gagner-une-etape\/","title":{"rendered":"Unibet Rose Rockets, Luk\u00e1\u0161 Kubi\u0161 : \u00ab\u00a0Si nous courons le Tour de France, je veux gagner une \u00e9tape\u00a0\u00bb."},"content":{"rendered":"<p>L&rsquo;un des coureurs qui s&rsquo;est le plus distingu\u00e9 en 2025 est <strong>Luk\u00e1\u0161 Kubi\u0161<\/strong>. Apr\u00e8s avoir couru pendant plusieurs ann\u00e9es au niveau Continental, obtenant de bons r\u00e9sultats dans des courses plus modestes, le jeune homme de 25 ans a entam\u00e9 cette saison sa premi\u00e8re v\u00e9ritable ann\u00e9e dans les rangs professionnels, portant le maillot des <strong>Unibet Tietema Rockets<\/strong> (d\u00e9sormais Unibet Rose Rockets), ce qui lui a donn\u00e9 l&rsquo;occasion de participer \u00e0 un certain nombre de courses de haut niveau, l&rsquo;\u00e9quipe ayant \u00e9galement obtenu des invitations pour des \u00e9preuves du calendrier WorldTour. Malgr\u00e9 le saut de cat\u00e9gorie et des adversaires de plus haut niveau, le Slovaque \u00e9tait pr\u00eat et s&rsquo;est bien comport\u00e9, remportant deux victoires et douze autres podiums, et il attend maintenant avec impatience un nouveau d\u00e9fi : participer au <strong>Tour de France<\/strong>.<\/p>\n<p><strong>Cette saison a \u00e9t\u00e9 vraiment bonne<\/strong>, a d\u00e9clar\u00e9 Kubi\u0161 \u00e0 <a href=\"https:\/\/www.domestiquecycling.com\/en\/news\/if-theres-a-tour-i-want-to-win-a-stage-lukas-kubis-on-rockets-rise-and-tour-de-france-dream\/\"><em>Domestique<\/em><\/a>, faisant le bilan de son ann\u00e9e : \u00ab\u00a0Je me suis beaucoup amus\u00e9, surtout parce qu&rsquo;il y a un tr\u00e8s bon esprit d&rsquo;\u00e9quipe, <strong>c&rsquo;\u00e9tait parfait de rouler avec mes co\u00e9quipiers et d&rsquo;obtenir de bons r\u00e9sultats ensemble<\/strong>. Je suis tr\u00e8s reconnaissant pour tout le travail et l&rsquo;aide qu&rsquo;ils m&rsquo;ont apport\u00e9s tout au long de la saison. Ce fut une saison importante.<\/p>\n<p>Le coureur de 25 ans s&rsquo;est imm\u00e9diatement mis \u00e0 l&rsquo;\u00e9preuve en participant aux courses pav\u00e9es en d\u00e9but de saison, dont Omloop Nieuwsblad, et les r\u00e9sultats ont tout de suite \u00e9t\u00e9 tr\u00e8s bons : \u00ab\u00a0Enfant, participer \u00e0 ces grandes courses n&rsquo;\u00e9tait qu&rsquo;un r\u00eave, et quand je l&rsquo;ai fait <strong>j&rsquo;ai voulu r\u00e9aliser quelque chose de bien<\/strong>. J&rsquo;ai pris la sixi\u00e8me place \u00e0 l&rsquo;Omloop, la premi\u00e8re course WorldTour de ma vie, et au d\u00e9but, j&rsquo;\u00e9tais tellement triste<\/strong> que je pense que tout le monde l&rsquo;a remarqu\u00e9 dans la vid\u00e9o YouTube. <strong>Mais apr\u00e8s environ une heure, j&rsquo;\u00e9tais tellement heureux<\/strong> d&rsquo;avoir couru ma premi\u00e8re course WorldTour et d&rsquo;avoir termin\u00e9 sixi\u00e8me.<\/p>\n<p>S&rsquo;ensuivent d&rsquo;autres bonnes places, une victoire au Cholet Agglo Tour et, surtout, une participation \u00e0 <strong>Paris-Roubaix<\/strong>, le premier Monument de sa carri\u00e8re : \u00ab\u00a0Je suis vraiment reconnaissant d&rsquo;avoir pu participer \u00e0 cette course. <C'\u00e9tait un r\u00eave d'\u00eatre l\u00e0, mais maintenant je sais que vous pouvez faire toutes les reconnaissances que vous voulez sur les pav\u00e9s de Roubaix, mais c'est toujours diff\u00e9rent<\/strong>. Vous pouvez pousser 500-600 watts pendant la reconnaissance, mais dans la course c&rsquo;est toujours diff\u00e9rent. <Je visais au moins le top 10, j'\u00e9tais tellement triste et en col\u00e8re contre moi-m\u00eame, parce que j'aurais pu faire mieux<\/strong> (il a termin\u00e9 46\u00e8me, ndlr). Mais en fin de compte, je suis vraiment heureux d&rsquo;avoir particip\u00e9 et d&rsquo;avoir termin\u00e9, parce que je pouvais sentir la vitesse dans la course sur les pav\u00e9s.<\/p>\n<p>Apr\u00e8s le premier Monument, le champion slovaque r\u00eave d\u00e9sormais de participer au premier Grand Tour, et ce n&rsquo;est un secret pour personne que l&rsquo;\u00e9quipe vise une WildCard pour le <strong>Tour de France 2026<\/strong>. Le mois dernier, les deux directeurs d&rsquo;\u00e9quipe et Kubi\u0161 lui-m\u00eame ont assist\u00e9 \u00e0 la pr\u00e9sentation du Parcours de la Grande Boucle : \u00ab\u00a0C&rsquo;\u00e9tait fantastique. J&rsquo;ai vraiment appr\u00e9ci\u00e9, car la pr\u00e9sentation du premier Tour n&rsquo;arrive qu&rsquo;une fois dans une vie. Quand nous sommes arriv\u00e9s, j&rsquo;\u00e9tais comme un enfant, j&rsquo;\u00e9tais tellement heureux, et <strong>lorsque la pr\u00e9sentation a commenc\u00e9, je regardais toutes les photos et je me disais &lsquo;Nous sommes si proches&rsquo;. Il ne nous reste plus qu&rsquo;\u00e0 attendre. Il y a encore beaucoup de travail \u00e0 faire. Mais je suis s\u00fbre que nous serons pr\u00eats lorsque nous en aurons l&rsquo;occasion<\/strong>\u00ab\u00a0.<\/p>\n<p>Si l&rsquo;invitation se pr\u00e9sente, le r\u00eave de la classe 2000 est de remporter une \u00e9tape : \u00ab\u00a0Oui, et le Maillot Jaune&#8230; Non, je plaisante, mais ce serait bien de Lotto. Comme je l&rsquo;ai d\u00e9j\u00e0 dit, <strong>si nous courons le Tour, ce sera un moment fou pour moi<\/strong>, et je pense que nous travaillerons dur pour y parvenir. <strong>Si c&rsquo;est le Tour, je veux gagner une \u00e9tape. S&rsquo;il n&rsquo;y a pas de Tour, je veux gagner les autres courses<\/strong>.<\/p>\n<p>Kubi\u0161 a \u00e9galement d\u00e9j\u00e0 en t\u00eate l&rsquo;\u00e9tape \u00e0 viser : \u00ab\u00a0<strong>Quand j&rsquo;ai vu lors de la pr\u00e9sentation que la derni\u00e8re \u00e9tape serait \u00e0 Montmartre, je me suis dit que j&rsquo;avais d\u00e9j\u00e0 abord\u00e9 cette mont\u00e9e lors des Jeux olympiques de Paris, donc je la connais tr\u00e8s bien<\/strong>. L&rsquo;ambiance \u00e9tait incroyablement \u00e9lectrisante. J&rsquo;ai dit que c&rsquo;\u00e9tait l&rsquo;une des meilleures exp\u00e9riences que j&rsquo;ai v\u00e9cues dans le cyclisme et je sais comment courir sur ce Parcours, donc si nous y sommes, j&rsquo;ai h\u00e2te d&rsquo;y \u00eatre.<\/p>\n","protected":false},"excerpt":{"rendered":"<p>L&rsquo;un des coureurs qui s&rsquo;est le plus distingu\u00e9 en 2025 est Luk\u00e1\u0161 Kubi\u0161. Apr\u00e8s avoir couru pendant plusieurs ann\u00e9es au niveau Continental, obtenant de bons r\u00e9sultats dans des courses plus modestes, le jeune homme de 25 ans a entam\u00e9 cette saison sa premi\u00e8re v\u00e9ritable ann\u00e9e dans les rangs professionnels, portant le maillot des Unibet Tietema &hellip;<\/p>\n","protected":false},"author":20,"featured_media":162963,"comment_status":"open","ping_status":"open","sticky":false,"template":"","format":"standard","meta":{"footnotes":""},"categories":[3],"tags":[],"class_list":["post-162964","post","type-post","status-publish","format-standard","has-post-thumbnail","hentry","category-autre"],"_links":{"self":[{"href":"https:\/\/cyclingpro.net\/velopro\/wp-json\/wp\/v2\/posts\/162964","targetHints":{"allow":["GET"]}}],"collection":[{"href":"https:\/\/cyclingpro.net\/velopro\/wp-json\/wp\/v2\/posts"}],"about":[{"href":"https:\/\/cyclingpro.net\/velopro\/wp-json\/wp\/v2\/types\/post"}],"author":[{"embeddable":true,"href":"https:\/\/cyclingpro.net\/velopro\/wp-json\/wp\/v2\/users\/20"}],"replies":[{"embeddable":true,"href":"https:\/\/cyclingpro.net\/velopro\/wp-json\/wp\/v2\/comments?post=162964"}],"version-history":[{"count":0,"href":"https:\/\/cyclingpro.net\/velopro\/wp-json\/wp\/v2\/posts\/162964\/revisions"}],"wp:featuredmedia":[{"embeddable":true,"href":"https:\/\/cyclingpro.net\/velopro\/wp-json\/wp\/v2\/media\/162963"}],"wp:attachment":[{"href":"https:\/\/cyclingpro.net\/velopro\/wp-json\/wp\/v2\/media?parent=162964"}],"wp:term":[{"taxonomy":"category","embeddable":true,"href":"https:\/\/cyclingpro.net\/velopro\/wp-json\/wp\/v2\/categories?post=162964"},{"taxonomy":"post_tag","embeddable":true,"href":"https:\/\/cyclingpro.net\/velopro\/wp-json\/wp\/v2\/tags?post=162964"}],"curies":[{"name":"wp","href":"https:\/\/api.w.org\/{rel}","templated":true}]}}