{"id":162612,"date":"2025-11-20T17:59:45","date_gmt":"2025-11-20T16:59:45","guid":{"rendered":"https:\/\/cyclingpro.net\/velopro\/uncategorized\/cycling-academy-ex-israel-pourrait-etre-sponsorise-par-visit-rwanda-et-une-banque-suisse-biniam-girmay-arrive\/"},"modified":"2025-11-20T17:59:45","modified_gmt":"2025-11-20T16:59:45","slug":"cycling-academy-ex-israel-pourrait-etre-sponsorise-par-visit-rwanda-et-une-banque-suisse-biniam-girmay-arrive","status":"publish","type":"post","link":"https:\/\/cyclingpro.net\/velopro\/autre\/cycling-academy-ex-israel-pourrait-etre-sponsorise-par-visit-rwanda-et-une-banque-suisse-biniam-girmay-arrive\/","title":{"rendered":"Cycling Academy, ex-Isra\u00ebl pourrait \u00eatre sponsoris\u00e9 par Visit Rwanda et une banque suisse &#8211; Biniam Girmay arrive"},"content":{"rendered":"<p>Apr\u00e8s les nombreux probl\u00e8mes rencontr\u00e9s lors des derni\u00e8res \u00e9tapes de la saison 2025 et leurs cons\u00e9quences, ce qui est d\u00e9sormais l&rsquo;ancien <strong>Israel-Premier Tech<\/strong> tente de poser les bases de l&rsquo;avenir. L&rsquo;\u00e9quipe d\u00e9tenue par<strong>Sylvain Adams<\/strong> a gagn\u00e9 le ticket pour rejoindre les 18 \u00e9quipes WorldTour dans les trois prochaines ann\u00e9es <a href=\"https:\/\/cyclingpro.net\/spaziociclismo\/ciclomercato\/ciclomercato-professional-2025-2026\/\" target=\"_blank\" rel=\"noopener\">et a d\u00e9j\u00e0 effectu\u00e9 quelques Transferts pertinents. <\/a> Ce qui manque, pour l&rsquo;instant, c&rsquo;est le nouveau nom de l&rsquo;\u00e9quipe, qui a \u00e9t\u00e9 annonc\u00e9 ces derni\u00e8res semaines et qui est \u00e9galement devenu in\u00e9vitable en raison <a href=\"https:\/\/cyclingpro.net\/spaziociclismo\/continental\/israel-premier-tech-lo-sponsor-premier-tech-fa-un-passo-indietro-e-diventato-insostenibile-continuare-a-ricoprire-il-ruolo-di-sponsor\/\" target=\"_blank\" rel=\"noopener\">de l&rsquo;adieu de la marque canadienne Premier Tech. <\/a><\/p>\n<p>Ces derniers jours, des rumeurs laissaient entendre que l&rsquo;\u00e9quipe, qui est actuellement enregistr\u00e9e dans les rangs de l&rsquo;Union cycliste internationale sous le nom de <a href=\"https:\/\/cyclingpro.net\/spaziociclismo\/continental\/cycling-academy-lormai-fu-israel-premier-tech-potrebbe-ripresentarsi-in-gruppo-nel-2026-con-nuovi-sponsor-e-licenza-svizzera\/\" target=\"_blank\" rel=\"noopener\">Cycling Academy, pourrait prendre une licence suisse. <\/a>La nouvelle fuite Transferts, rapport\u00e9e par <a href=\"https:\/\/x.com\/cirogazzetta\/status\/1991192001920790936\" target=\"_blank\" rel=\"noopener\"><em>Ciro Scognamiglio<\/em><\/a>, de la Gazzetta dello Sport, qui \u00e9voque la possibilit\u00e9 de l&rsquo;arriv\u00e9e d&rsquo;une banque suisse parmi les sponsors principaux de l&rsquo;\u00e9quipe, pourrait \u00eatre ins\u00e9r\u00e9e dans ce sens.<\/p>\n<p>Et ce ne serait pas la fin de l&rsquo;histoire, car un autre sponsor possible, \u00e0 consid\u00e9rer comme une alternative ou concomitant \u00e0 celui suisse mentionn\u00e9 ci-dessus, serait <strong>Visit Rwanda<\/strong>, l&rsquo;agence d&rsquo;\u00e9tat pour la promotion du tourisme et de l&rsquo;\u00e9conomie de la nation africaine, d\u00e9j\u00e0 tr\u00e8s active sur la sc\u00e8ne sportive mondiale, \u00e0 tel point qu&rsquo;elle est sponsor, \u00e0 des degr\u00e9s divers, d&rsquo;Arsenal, du Bayern Munich, du Paris Saint Germain, de l&rsquo;Atletico Madrid (football), des Los Angeles Clippers (basket-ball NBA) et des Los Angeles Rams (football am\u00e9ricain NFL).<\/p>\n<p>La Coupe du monde de cyclisme sur route vient de se d\u00e9rouler au Rwanda et l&rsquo;impact positif de l&rsquo;\u00e9v\u00e9nement a \u00e9t\u00e9 tr\u00e8s important \u00e0 l&rsquo;\u00e9chelle internationale, m\u00eame si la situation g\u00e9opolitique dans la r\u00e9gion n&rsquo;est pas des plus tranquilles, <a href=\"https:\/\/cyclingpro.net\/spaziociclismo\/kigali-2025\/mondiali-kigali-2025-corsa-a-rischio-per-problemi-politici-luci-avrebbe-gia-un-piano-b\/\" target=\"_blank\" rel=\"noopener\">en raison du r\u00e9cent conflit qui a \u00e9clat\u00e9 \u00e0 la fronti\u00e8re entre le Rwanda et la R\u00e9publique d\u00e9mocratique du Congo. <\/a>En ce qui concerne le Transferts, l&rsquo;arriv\u00e9e de Visit Rwanda pourrait faciliter la conclusion des n\u00e9gociations qui ont lieu depuis des semaines entre <strong>Biniam Girmay<\/strong>, <a href=\"https:\/\/cyclingpro.net\/spaziociclismo\/ciclomercato\/ciclomercato-2026-la-fusione-intermarche-lotto-potrebbe-liberare-biniam-girmay-israel-e-uae-in-agguato\/\" target=\"_blank\" rel=\"noopener\">l&rsquo;un des \u00ab\u00a0gros bonnets\u00a0\u00bb quittant ce qui est en train de devenir <strong>Lotto-Intermarch\u00e9<\/strong><\/a>, et l&rsquo;Acad\u00e9mie du Lotto.<\/p>\n","protected":false},"excerpt":{"rendered":"<p>Apr\u00e8s les nombreux probl\u00e8mes rencontr\u00e9s lors des derni\u00e8res \u00e9tapes de la saison 2025 et leurs cons\u00e9quences, ce qui est d\u00e9sormais l&rsquo;ancien Israel-Premier Tech tente de poser les bases de l&rsquo;avenir. L&rsquo;\u00e9quipe d\u00e9tenue parSylvain Adams a gagn\u00e9 le ticket pour rejoindre les 18 \u00e9quipes WorldTour dans les trois prochaines ann\u00e9es et a d\u00e9j\u00e0 effectu\u00e9 quelques Transferts &hellip;<\/p>\n","protected":false},"author":20,"featured_media":162611,"comment_status":"open","ping_status":"open","sticky":false,"template":"","format":"standard","meta":{"footnotes":""},"categories":[3],"tags":[],"class_list":["post-162612","post","type-post","status-publish","format-standard","has-post-thumbnail","hentry","category-autre"],"_links":{"self":[{"href":"https:\/\/cyclingpro.net\/velopro\/wp-json\/wp\/v2\/posts\/162612","targetHints":{"allow":["GET"]}}],"collection":[{"href":"https:\/\/cyclingpro.net\/velopro\/wp-json\/wp\/v2\/posts"}],"about":[{"href":"https:\/\/cyclingpro.net\/velopro\/wp-json\/wp\/v2\/types\/post"}],"author":[{"embeddable":true,"href":"https:\/\/cyclingpro.net\/velopro\/wp-json\/wp\/v2\/users\/20"}],"replies":[{"embeddable":true,"href":"https:\/\/cyclingpro.net\/velopro\/wp-json\/wp\/v2\/comments?post=162612"}],"version-history":[{"count":0,"href":"https:\/\/cyclingpro.net\/velopro\/wp-json\/wp\/v2\/posts\/162612\/revisions"}],"wp:featuredmedia":[{"embeddable":true,"href":"https:\/\/cyclingpro.net\/velopro\/wp-json\/wp\/v2\/media\/162611"}],"wp:attachment":[{"href":"https:\/\/cyclingpro.net\/velopro\/wp-json\/wp\/v2\/media?parent=162612"}],"wp:term":[{"taxonomy":"category","embeddable":true,"href":"https:\/\/cyclingpro.net\/velopro\/wp-json\/wp\/v2\/categories?post=162612"},{"taxonomy":"post_tag","embeddable":true,"href":"https:\/\/cyclingpro.net\/velopro\/wp-json\/wp\/v2\/tags?post=162612"}],"curies":[{"name":"wp","href":"https:\/\/api.w.org\/{rel}","templated":true}]}}