{"id":162324,"date":"2025-11-12T14:10:16","date_gmt":"2025-11-12T13:10:16","guid":{"rendered":"https:\/\/cyclingpro.net\/velopro\/uncategorized\/picnic-postnl-arrivees-officielles-de-frits-biesterbos-et-timo-de-jong\/"},"modified":"2025-11-12T14:10:16","modified_gmt":"2025-11-12T13:10:16","slug":"picnic-postnl-arrivees-officielles-de-frits-biesterbos-et-timo-de-jong","status":"publish","type":"post","link":"https:\/\/cyclingpro.net\/velopro\/autre\/picnic-postnl-arrivees-officielles-de-frits-biesterbos-et-timo-de-jong\/","title":{"rendered":"Picnic PostNL, arriv\u00e9es officielles de Frits Biesterbos et Timo De Jong"},"content":{"rendered":"<p><strong>Frits Biesterbos<\/strong> et <strong>Timo De Jong<\/strong> rejoindront le <strong>Team Picnic PostNL<\/strong> \u00e0 partir du 1er janvier. Confirmant les rumeurs de ces derniers jours, les deux coureurs n\u00e9erlandais ont sign\u00e9 un contrat de deux ans avec l&rsquo;\u00e9quipe WorldTour, dont ils repr\u00e9sentent les sixi\u00e8me et septi\u00e8me nouvelles recrues avant 2026. Biesterbos, n\u00e9 en 2002 et issu du BEAT Cycling Club, est relativement novice en mati\u00e8re de course sur route, ayant surtout couru en VTT ces derni\u00e8res ann\u00e9es, mais il s&rsquo;est r\u00e9cemment fait un nom dans les courses sur gravier en devenant champion national et <a href=\"https:\/\/cyclingpro.net\/spaziociclismo\/sintesi-gare\/mondiali-gravel-zuid-limburg-2025-florian-vermeersch-trionfa-in-solitaria-3-matej-mohoric-6-tom-pidcock\/\">vice-champion du monde<\/a>. De Jong, 26 ans, qui portait d\u00e9j\u00e0 le maillot de Picnic PostNL en tant que stagiaire \u00e0 la fin de la saison, court plut\u00f4t depuis 2020 avec VolkerWessels, remportant quelques succ\u00e8s et classements dans des courses plus petites et trouvant sa premi\u00e8re victoire professionnelle il y a tout juste un mois, <a href=\"https:\/\/cyclingpro.net\/spaziociclismo\/sintesi-gare\/tour-of-holland-2025-sorpresa-timo-de-jong-battuti-allo-sprint-christophe-laporte-e-lukas-kubis\/\">lors de l&rsquo;avant-derni\u00e8re \u00e9tape du Tour de Hollande<\/a>.<\/p>\n<p><strong>Rejoindre le Team Picnic PostNL me semble \u00eatre une \u00e9tape naturelle<\/strong>, explique Biesterbos, la vision \u00e0 long terme de l&rsquo;\u00e9quipe et son approche durable du d\u00e9veloppement des coureurs sont vraiment remarquables. <L'accent est mis sur l'aide \u00e0 apporter aux coureurs pour qu'ils progressent pas \u00e0 pas et sur l'am\u00e9lioration constante de tous les aspects de l'\u00e9quipe. Vous pouvez constater que les succ\u00e8s sont souvent le fait de coureurs qui font partie du syst\u00e8me depuis des ann\u00e9es, ce qui montre que cela fonctionne vraiment. Je me r\u00e9jouis \u00e9galement de faire partie de ce Parcours. Je suis encore assez novice dans le monde de la course sur route et, avec l'\u00e9quipe, je veux d\u00e9couvrir quel type de coureur je suis vraiment et quelles sont les courses qui me conviennent le mieux. <Jusqu'\u00e0 pr\u00e9sent, j'ai obtenu de bons r\u00e9sultats dans les courses sur route, mais je suis toujours d\u00e9sireux d'apprendre et d'\u00e9couter les gens qui m'entourent<\/strong> ; c&rsquo;est ce qui m&rsquo;a aid\u00e9 \u00e0 progresser rapidement jusqu&rsquo;\u00e0 pr\u00e9sent. Mon objectif est de continuer \u00e0 m&rsquo;am\u00e9liorer et de contribuer aux bons r\u00e9sultats de l&rsquo;\u00e9quipe.<\/p>\n<p>\u00ab\u00a0Apr\u00e8s mon stage au sein du Team Picnic PostNL, la d\u00e9cision de rester a \u00e9t\u00e9 vraiment facile \u00e0 prendre\u00a0\u00bb, a d\u00e9clar\u00e9 De Jong. \u00ab\u00a0D\u00e8s le premier jour, l&rsquo;accueil que j&rsquo;ai re\u00e7u de la part des coureurs et du personnel m&rsquo;a procur\u00e9 un sentiment formidable et j&rsquo;ai su imm\u00e9diatement que c&rsquo;\u00e9tait l&rsquo;endroit id\u00e9al pour moi. Je suis impatient d&rsquo;aider l&rsquo;\u00e9quipe \u00e0 obtenir de bons r\u00e9sultats et de continuer \u00e0 progresser en tant que coureur. Je me consid\u00e8re comme un coureur classique avec de bonnes comp\u00e9tences de positionnement et je pense que ma vision de la course est l&rsquo;une de mes principales forces. Je veux l&rsquo;utiliser pour soutenir mes co\u00e9quipiers dans les moments cl\u00e9s et faire la diff\u00e9rence dans les courses qui comptent.<\/p>\n","protected":false},"excerpt":{"rendered":"<p>Frits Biesterbos et Timo De Jong rejoindront le Team Picnic PostNL \u00e0 partir du 1er janvier. Confirmant les rumeurs de ces derniers jours, les deux coureurs n\u00e9erlandais ont sign\u00e9 un contrat de deux ans avec l&rsquo;\u00e9quipe WorldTour, dont ils repr\u00e9sentent les sixi\u00e8me et septi\u00e8me nouvelles recrues avant 2026. Biesterbos, n\u00e9 en 2002 et issu du &hellip;<\/p>\n","protected":false},"author":20,"featured_media":162323,"comment_status":"open","ping_status":"open","sticky":false,"template":"","format":"standard","meta":{"footnotes":""},"categories":[3],"tags":[],"class_list":["post-162324","post","type-post","status-publish","format-standard","has-post-thumbnail","hentry","category-autre"],"_links":{"self":[{"href":"https:\/\/cyclingpro.net\/velopro\/wp-json\/wp\/v2\/posts\/162324","targetHints":{"allow":["GET"]}}],"collection":[{"href":"https:\/\/cyclingpro.net\/velopro\/wp-json\/wp\/v2\/posts"}],"about":[{"href":"https:\/\/cyclingpro.net\/velopro\/wp-json\/wp\/v2\/types\/post"}],"author":[{"embeddable":true,"href":"https:\/\/cyclingpro.net\/velopro\/wp-json\/wp\/v2\/users\/20"}],"replies":[{"embeddable":true,"href":"https:\/\/cyclingpro.net\/velopro\/wp-json\/wp\/v2\/comments?post=162324"}],"version-history":[{"count":0,"href":"https:\/\/cyclingpro.net\/velopro\/wp-json\/wp\/v2\/posts\/162324\/revisions"}],"wp:featuredmedia":[{"embeddable":true,"href":"https:\/\/cyclingpro.net\/velopro\/wp-json\/wp\/v2\/media\/162323"}],"wp:attachment":[{"href":"https:\/\/cyclingpro.net\/velopro\/wp-json\/wp\/v2\/media?parent=162324"}],"wp:term":[{"taxonomy":"category","embeddable":true,"href":"https:\/\/cyclingpro.net\/velopro\/wp-json\/wp\/v2\/categories?post=162324"},{"taxonomy":"post_tag","embeddable":true,"href":"https:\/\/cyclingpro.net\/velopro\/wp-json\/wp\/v2\/tags?post=162324"}],"curies":[{"name":"wp","href":"https:\/\/api.w.org\/{rel}","templated":true}]}}