{"id":162314,"date":"2025-11-11T20:00:00","date_gmt":"2025-11-11T19:00:00","guid":{"rendered":"https:\/\/cyclingpro.net\/velopro\/uncategorized\/budget-de-lequipe-2025-intermarche-wanty-une-saison-grise-avec-seulement-quatre-victoires-et-tres-peu-de-notes-heureuses-met-fin-a-laventure-de-la-formation-belge\/"},"modified":"2025-11-11T20:00:00","modified_gmt":"2025-11-11T19:00:00","slug":"budget-de-lequipe-2025-intermarche-wanty-une-saison-grise-avec-seulement-quatre-victoires-et-tres-peu-de-notes-heureuses-met-fin-a-laventure-de-la-formation-belge","status":"publish","type":"post","link":"https:\/\/cyclingpro.net\/velopro\/autre\/budget-de-lequipe-2025-intermarche-wanty-une-saison-grise-avec-seulement-quatre-victoires-et-tres-peu-de-notes-heureuses-met-fin-a-laventure-de-la-formation-belge\/","title":{"rendered":"Budget de l&rsquo;\u00e9quipe 2025 : Intermarch\u00e9 &#8211; Wanty &#8211; Une saison grise, avec seulement quatre victoires et tr\u00e8s peu de notes heureuses, met fin \u00e0 l&rsquo;aventure de la formation belge."},"content":{"rendered":"<p>La saison 2025 de l&rsquo;<strong>Intermarch\u00e9-Wanty<\/strong> n&rsquo;a pas \u00e9t\u00e9 \u00e0 la hauteur des esp\u00e9rances. La formation belge, tout juste aur\u00e9ol\u00e9e des bons r\u00e9sultats de l&rsquo;ann\u00e9e derni\u00e8re, principalement dus au grand Tour de France de Biniam Girmay, avait entam\u00e9 la nouvelle ann\u00e9e avec de grandes ambitions, mais n&rsquo;a pas r\u00e9ussi \u00e0 confirmer les brillantes performances de ces derniers temps. Au terme d&rsquo;une saison en demi-teinte, la formation wallonne a d\u00e9cid\u00e9 de s&rsquo;engager sur la voie d&rsquo;une fusion avec Lotto, dans le but de faire face aux difficult\u00e9s \u00e9conomiques apparues et d&rsquo;assurer sa p\u00e9rennit\u00e9 au plus haut niveau du cyclisme international.<\/p>\n<h2><strong>TOP<\/strong><\/h2>\n<p>L&rsquo;une des plus belles surprises de la saison a \u00e9t\u00e9 le Fran\u00e7ais <strong>Louis Barr\u00e9<\/strong>. Le jeune Fran\u00e7ais de 25 ans s&rsquo;est mis en \u00e9vidence avec deux troisi\u00e8mes places au Paris-Camembert et lors de la troisi\u00e8me \u00e9tape du Crit\u00e9rium du Dauphin\u00e9. \u00c0 ces podiums s&rsquo;ajoutent plusieurs classements notables, comme une sixi\u00e8me place \u00e0 l&rsquo;Amstel Gold Race, au GP Industria &#038;amp ; Artigianato et au Grand Prix Cycliste de Montr\u00e9al, ainsi qu&rsquo;une huiti\u00e8me place au Giro dell&rsquo;Appennino. Des r\u00e9sultats qui ont contribu\u00e9 \u00e0 le faire remarquer et \u00e0 susciter l&rsquo;int\u00e9r\u00eat de Visma | Lease a Bike pour l&rsquo;ann\u00e9e prochaine et qui t\u00e9moignent de ses bonnes qualit\u00e9s, encore \u00e0 affiner mais bien pr\u00e9sentes.<\/p>\n<p>Au cours d&rsquo;une saison peu excitante, parmi ceux qui se sont distingu\u00e9s de mani\u00e8re positive figure <strong>Georg Zimmermann<\/strong>, qui a offert \u00e0 son \u00e9quipe sa premi\u00e8re et unique victoire dans une course par \u00e9tapes, en prenant la premi\u00e8re place du classement g\u00e9n\u00e9ral d&rsquo;Il Giro d&rsquo;Abruzzo. Cependant, titre de champion national mis \u00e0 part, la saison de l&rsquo;Allemand n\u00e9 en 1997 s&rsquo;est poursuivie sans relief particulier, jusqu&rsquo;\u00e0 ce qu&rsquo;une chute malheureuse au Tour de France le contraigne \u00e0 l&rsquo;abandon.<\/p>\n<p>Parmi les notes plut\u00f4t heureuses de 2025 figure <strong>Arne Marit<\/strong>, qui a collectionn\u00e9 les podiums et les bonnes places tout au long de la saison. La Belge a bien commenc\u00e9, avec une deuxi\u00e8me place lors de la deuxi\u00e8me \u00e9tape du Tour Down Under, poursuivant avec une quatri\u00e8me place \u00e0 Kuurne-Bruxelles-Kuurne, et collectionnant les troisi\u00e8mes places lors de la Famenne Ardenne Classic, de l&rsquo;Omloop van het Houtland et de la Vuelta a Espa\u00f1a (huiti\u00e8me \u00e9tape).  C&rsquo;est pr\u00e9cis\u00e9ment \u00e0 la Vuelta que l&rsquo;on aurait pu s&rsquo;attendre \u00e0 quelque chose de plus, \u00e9tant donn\u00e9 le nombre de sprinters pr\u00e9sents, mais le r\u00e9sultat n&rsquo;a pas \u00e9t\u00e9 au rendez-vous.<\/p>\n<p>Il convient \u00e9galement de mentionner <strong>Dion Smith<\/strong>, dont le succ\u00e8s \u00e0 la Volta NXT Classic a permis \u00e0 l&rsquo;\u00e9quipe de remporter l&rsquo;une des rares victoires de l&rsquo;ann\u00e9e. Le coureur n\u00e9o-z\u00e9landais n&rsquo;a toutefois pas pu r\u00e9it\u00e9rer son exploit au cours de la saison, ne d\u00e9crochant que quelques autres places sans int\u00e9r\u00eat. Il en a \u00e9t\u00e9 de m\u00eame pour <strong>Dries De Pooter<\/strong> qui, apr\u00e8s une saison peu excitante, a au moins r\u00e9ussi en fin de saison \u00e0 monter sur la plus haute marche du podium lors de la deuxi\u00e8me \u00e9tape du Tour de Kyushu, enregistrant ainsi son premier succ\u00e8s dans le peloton professionnel.<\/p>\n<p>Le jeune Italien <strong>Francesco Busatto<\/strong>, qui a eu la satisfaction de porter (pour un jour) la Maglia Bianca lors du Giro d&rsquo;Italia gr\u00e2ce \u00e0 sa quatri\u00e8me place lors de la premi\u00e8re \u00e9tape, a lui aussi lanc\u00e9 quelques flashs. Au cours de son ann\u00e9e, le V\u00e9nitien a pu ajouter quelques bonnes performances (cinqui\u00e8me au Giro dell&rsquo;Appennino), mais sans pouvoir trouver le moyen d&rsquo;afficher le grand r\u00e9sultat.<\/p>\n<p>La saison de <strong>Laurenz Rex<\/strong> a \u00e9galement \u00e9t\u00e9 positive. Malgr\u00e9 un nombre de points UCI inf\u00e9rieur \u00e0 celui de l&rsquo;ann\u00e9e derni\u00e8re, il a obtenu de bons r\u00e9sultats, notamment une dixi\u00e8me place \u00e0 Paris-Roubaix, une course pour laquelle il a prouv\u00e9 qu&rsquo;il \u00e9tait tr\u00e8s \u00e0 l&rsquo;aise. L&rsquo;Allemand Jonas Rutsch<\/strong>, protagoniste de plusieurs \u00e9chapp\u00e9es, a \u00e9galement obtenu de bons r\u00e9sultats. Il a m\u00eame fait mieux que son compagnon de route \u00e0 Roubaix, en terminant sixi\u00e8me. De bonnes journ\u00e9es ont \u00e9t\u00e9 v\u00e9cues par <strong>Luca Van Boven<\/strong>, qui est pass\u00e9 tout pr\u00e8s d&rsquo;une victoire d&rsquo;\u00e9tape au Tour du Pays Basque et qui semble toujours capable de se battre pour des Lotto importants \u00e0 l&rsquo;avenir, du moins dans le cadre de courses non classiques.<\/p>\n<p>++ Louis Barr\u00e9<br \/>\n++ Georg Zimmermann<br \/>\n++ Arne Marit<\/p>\n<h2><strong>FLOP<\/strong><\/h2>\n<p>Bien que fer de lance de l&rsquo;\u00e9quipe belge, <strong>Biniam Girmay<\/strong> n&rsquo;a pas r\u00e9ussi cette ann\u00e9e \u00e0 r\u00e9it\u00e9rer les succ\u00e8s de l&rsquo;ann\u00e9e derni\u00e8re. Le coureur \u00e9rythr\u00e9en n&rsquo;a obtenu que quelques places, mais n&rsquo;a pas r\u00e9ussi \u00e0 s&rsquo;imposer, que ce soit au sprint, son point fort, ou dans les finales s\u00e9lectives. Apr\u00e8s un d\u00e9but de saison en demi-teinte, il n&rsquo;obtient qu&rsquo;une deuxi\u00e8me place \u00e0 la Classique Dunkerque, et arrive sans r\u00e9sultat notable au Tour de France, o\u00f9 il passe tout pr\u00e8s du succ\u00e8s lors de la premi\u00e8re \u00e9tape, terminant deuxi\u00e8me derri\u00e8re Jasper Philipsen. Il a ensuite obtenu une place \u00e0 la Bretagne Classique et un autre bon r\u00e9sultat au GP de Wallonie, o\u00f9 il a termin\u00e9 sur la troisi\u00e8me marche du podium. Des r\u00e9sultats qui, s&rsquo;ils ne sont pas mauvais dans l&rsquo;ensemble, restent en de\u00e7\u00e0 des attentes plac\u00e9es dans le sprinter de 25 ans.<\/p>\n<p><strong>Louis Meintjes<\/strong> n&rsquo;a pas retrouv\u00e9 le sprint de ses meilleurs moments et termine sa carri\u00e8re dans le cyclisme professionnel sans aucun fait marquant particulier. Le Sud-Africain a \u00e9t\u00e9 le meilleur coureur de l&rsquo;\u00e9quipe dans les classements finaux, comme cela lui est souvent arriv\u00e9 au fil des ans, tant au Giro qu&rsquo;\u00e0 la Vuelta, mais il est rest\u00e9 sur la deuxi\u00e8me page des classements et ne s&rsquo;est fait remarquer que par quelques tentatives d&rsquo;\u00e9chapp\u00e9e infructueuses.<\/p>\n<p>Le sprinteur Gerben Thijssen<\/strong> a termin\u00e9 l&rsquo;ann\u00e9e sans aucune victoire et avec un nombre de points nettement inf\u00e9rieur \u00e0 celui de 2024. Le Belge a essay\u00e9 de faire sa part dans les courses o\u00f9 il a \u00e9t\u00e9 sollicit\u00e9, mais n&rsquo;est pas all\u00e9 au-del\u00e0 de quelques classements mineurs dans les semi-classiques de son pays, une troisi\u00e8me place \u00e0 La Roue Tourangelle et une quatri\u00e8me place dans une \u00e9tape de la Volta Valenciana ; peu pour un coureur qui avait montr\u00e9 des choses bien plus brillantes au cours des deux saisons juste derri\u00e8re lui.<\/p>\n<p>On aurait pu attendre davantage de <strong>Hugo Page, Vito Braet<\/strong> et <strong>Huub Artz<\/strong>. Les deux premiers avaient obtenu de bons r\u00e9sultats ces derni\u00e8res saisons, et un nouveau pas en avant \u00e9tait \u00e0 attendre d&rsquo;eux, m\u00eame si le premier cit\u00e9, le Fran\u00e7ais Page, comptait quelques classements appr\u00e9ciables, comme la sixi\u00e8me place du Copenhagen Sprint et la troisi\u00e8me de la premi\u00e8re \u00e9tape du Crit\u00e9rium du Dauphin\u00e9. Le N\u00e9erlandais Artz, arriv\u00e9 cette ann\u00e9e de l&rsquo;\u00e9quipe de d\u00e9veloppement, est apparu dans le peloton en tant que champion d&rsquo;Europe U23 en titre : en termes absolus, quelques r\u00e9sultats de qualit\u00e9 sont arriv\u00e9s, entre le Tour de Norv\u00e8ge et le Tour de Hollande, mais l&rsquo;\u00e9cart entre les attentes et les performances est rest\u00e9 important.<\/p>\n<p>M\u00eame <strong>Taco Van der Hoorn<\/strong> et <strong>Lorenzo Rota<\/strong> n&rsquo;ont pas r\u00e9ussi \u00e0 obtenir des r\u00e9sultats en ligne avec ceux des ann\u00e9es pr\u00e9c\u00e9dentes et ont termin\u00e9 une saison plut\u00f4t en demi-teinte. Le N\u00e9erlandais a tent\u00e9 quelques \u00e9chapp\u00e9es, notamment au Giro d&rsquo;Italia, mais cette fois-ci, l&rsquo;exploit de couronner l&rsquo;attaque lui a fait d\u00e9faut. Le coureur bergamasque s&rsquo;est fait tr\u00e8s rare, ne parvenant jamais \u00e0 montrer la solidit\u00e9 qui semblait s&rsquo;\u00eatre install\u00e9e, \u00e0 tel point qu&rsquo;il n&rsquo;a m\u00eame pas enregistr\u00e9 un top 10 sur les 49 jours de course auxquels il a particip\u00e9. Peu de choses \u00e0 signaler non plus pour <strong>Kevin Colleoni<\/strong>, qui s&rsquo;est taill\u00e9 quelques moments \u00e0 l&rsquo;avant de la course avec quelques \u00e9chapp\u00e9es de loin, mais sans trouver le moyen de faire la diff\u00e9rence. Il y a \u00e9galement eu quelques attaques de loin dans le Parcours de la saison de <strong>Simone Petilli<\/strong>, mais comme ses compagnons que nous venons de citer, il n&rsquo;a pas r\u00e9colt\u00e9 grand-chose. Pour l&rsquo;homme de Lecco, d&rsquo;ailleurs, l&rsquo;ann\u00e9e en question \u00e9tait aussi la derni\u00e8re, avant sa retraite d\u00e9finitive.<\/p>\n<p>La septi\u00e8me place au classement final du Tour of Guangxi n&rsquo;a pas am\u00e9lior\u00e9 le caract\u00e8re de la saison pour <strong>Kamiel Bonneu<\/strong>, que l&rsquo;on avait tr\u00e8s rarement vu dans le feu de l&rsquo;action avant la course chinoise. Une ann\u00e9e sans histoire pour <strong>Kobe Goossens<\/strong>, qui n&rsquo;a pas retrouv\u00e9 le rythme qui avait fait de lui un sp\u00e9cialiste des courses d&rsquo;un jour wallonnes et n&rsquo;a couru qu&rsquo;une seule fois depuis mars, abandonnant au Heistse Pijl. Le Danois Alexander Kamp<\/strong>, qui avait montr\u00e9 qu&rsquo;il pouvait se d\u00e9placer dans les finales rapides, n&rsquo;a lui non plus presque rien repris, mettant fin \u00e0 une p\u00e9riode de deux ans d\u00e9cid\u00e9ment bien grise pour lui.<\/p>\n<p>La premi\u00e8re ann\u00e9e &lsquo;compl\u00e8te&rsquo; en tant que professionnel de <strong>Gerben Kuypers<\/strong> s&rsquo;est d\u00e9roul\u00e9e sans grand suspense, tout comme la derni\u00e8re ann\u00e9e de la carri\u00e8re d&rsquo;<strong>Adrien Petit<\/strong>, un coureur habitu\u00e9 \u00e0 des actions d&rsquo;\u00e9clat et qui, en 2025, est toujours rest\u00e9 \u00e0 l&rsquo;arri\u00e8re. Des parcours saisonniers assez anonymes \u00e9galement pour l&rsquo;exp\u00e9riment\u00e9 <strong>Gijs Van Hoecke,<\/strong> pour le jeune <strong>Roel van Sintmaartensdijk<\/strong> et pour <strong>Tom Paquot<\/strong>, 26 ans, qui n&rsquo;a jamais \u00e9t\u00e9 en lice pour un quelconque r\u00e9sultat majeur. Enfin, la saison d&rsquo;<strong>Alexy Faure Prost<\/strong> a \u00e9t\u00e9 malheureuse. Le jeune grimpeur fran\u00e7ais a d\u00fb s&rsquo;arr\u00eater pour une longue p\u00e9riode apr\u00e8s un accident \u00e0 l&rsquo;entra\u00eenement qui lui a caus\u00e9 une commotion c\u00e9r\u00e9brale, une fracture de la clavicule gauche et de multiples fractures \u00e0 la main gauche, compromettant ses performances pour le reste de l&rsquo;ann\u00e9e.<\/p>\n<p>&#8211; Gerben Thijssen<br \/>\n&#8212; Louis Meintjes<br \/>\n&#8212; Biniam Girmay<\/p>\n<h2>Classement de l&rsquo;UCI<\/h2>\n<p>.<br \/>\nEn cette derni\u00e8re ann\u00e9e de la p\u00e9riode de trois ans qui a attribu\u00e9 les nouvelles licences WorldTour, l&rsquo;\u00e9quipe wallonne a termin\u00e9 \u00e0 la 24e place du classement mondial par \u00e9quipes, derri\u00e8re plusieurs \u00e9quipes Professional, et glisse ainsi \u00e0 la 18e place du classement g\u00e9n\u00e9ral. Voici les 20 coureurs qui ont contribu\u00e9 \u00e0 un total de 6309,42 points, soit plus de 3000 de moins qu&rsquo;en 2024.<\/p>\n<table style=\"width : 99.7951% ; height : 337px ;\" role=\"grid\">\n<tbody role=\"rowgroup\">\n<tr style=\"height : 38px ;\" role=\"row\">\n<th id=\"yce2935b-7ca9-4e61-8bc6-004be8835fb1\" class=\"k-header\" style=\"width : 54.6201% ; height : 38px ;\" role=\"columnheader\" scope=\"col\" data-field=\"IndividualFullName\" data-title=\"Rider\" data-index=\"3\">RIDER<\/th>\n<th id=\"j98bc3d7-3a34-4093-b5ed-37b9ee82c577\" class=\"k-header\" style=\"width : 16.6324% ; height : 38px ;\" role=\"columnheader\" scope=\"col\" data-field=\"NationName\" data-title=\"Nation\" data-index=\"4\">NATION<\/th>\n<th id=\"l8806d7c-5329-419f-b770-b5066582a687\" class=\"k-header\" style=\"width : 17.4538% ; height : 38px ;\" role=\"columnheader\" scope=\"col\" data-field=\"Points\" data-title=\"Points\" data-index=\"7\">POINTS<\/th>\n<\/tr>\n<tr style=\"height : 15.0pt ;\" role=\"row\" data-uid=\"da76c586-b77e-45ab-99dc-04346adcd82d\">\n<td style=\"height : 15pt ; width : 54.6201% ;\" role=\"gridcell\" width=\"64\" height=\"20\">GIRMAY Biniam<\/td>\n<td class=\"xl64\" style=\"width : 16.6324% ;\" role=\"gridcell\" width=\"64\">\n<div style=\"display : flex ; margin-right : 0px ; padding-bottom : 0px ; padding-top : 0px ;\">\n<div style=\"display : inline-block ;\"><\/div>\n<div style=\"margin-right : 0px ; padding-bottom : 0px ; padding-top : 0px ;\">ERI<\/div>\n<\/div>\n<\/td>\n<td class=\"xl65\" style=\"width : 17.4538% ;\" role=\"gridcell\" align=\"right\" width=\"64\"><span style=\"float : left ;\">1646<\/span><\/td>\n<\/tr>\n<tr style=\"height : 15.0pt ;\" role=\"row\" data-uid=\"r72d9340-3b2a-4341-9ad6-e6bf734b35b\">\n<td style=\"height : 15pt ; width : 54.6201% ;\" role=\"gridcell\" height=\"20\">BARRE Louis<\/td>\n<td class=\"xl64\" style=\"overflow : initial ; width : 16.6324% ;\" role=\"gridcell\">\n<div style=\"display : flex ; margin-right : 0px ; padding-bottom : 0px ; padding-top : 0px ;\">\n<div style=\"display : inline-block ;\"><\/div>\n<div style=\"margin-right : 0px ; padding-bottom : 0px ; padding-top : 0px ;\">FRA<\/div>\n<\/div>\n<\/td>\n<td class=\"xl65\" style=\"overflow : initial ; width : 17.4538% ;\" role=\"gridcell\" align=\"right\"><span style=\"float : left ;\">831<\/span><\/td>\n<\/tr>\n<tr style=\"height : 15.0pt ;\" role=\"row\" data-uid=\"b89ec22c-087b-4224-b361-5db58941d4b6\">\n<td style=\"height : 15pt ; width : 54.6201% ;\" role=\"gridcell\" height=\"20\">MARIT Arne<\/td>\n<td class=\"xl64\" style=\"overflow : initial ; width : 16.6324% ;\" role=\"gridcell\">\n<div style=\"display : flex ; margin-right : 0px ; padding-bottom : 0px ; padding-top : 0px ;\">\n<div style=\"display : inline-block ;\"><\/div>\n<div style=\"margin-right : 0px ; padding-bottom : 0px ; padding-top : 0px ;\">BEL<\/div>\n<\/div>\n<\/td>\n<td class=\"xl65\" style=\"overflow : initial ; width : 17.4538% ;\" role=\"gridcell\"><span style=\"float : left ;\">519.25<\/span><\/td>\n<\/tr>\n<tr style=\"height : 15.0pt ;\" role=\"row\" data-uid=\"kcedec9d-c43a-4d39-b8fc-ff5032f1f7d3\">\n<td style=\"height : 15pt ; width : 54.6201% ;\" role=\"gridcell\" height=\"20\">REX Laurenz<\/td>\n<td class=\"xl64\" style=\"overflow : initial ; width : 16.6324% ;\" role=\"gridcell\">\n<div style=\"display : flex ; margin-right : 0px ; padding-bottom : 0px ; padding-top : 0px ;\">\n<div style=\"display : inline-block ;\"><\/div>\n<div style=\"margin-right : 0px ; padding-bottom : 0px ; padding-top : 0px ;\">BEL<\/div>\n<\/div>\n<\/td>\n<td class=\"xl65\" style=\"overflow : initial ; width : 17.4538% ;\" role=\"gridcell\" align=\"right\"><span style=\"float : left ;\">501<\/span><\/td>\n<\/tr>\n<tr style=\"height : 15.0pt ;\" role=\"row\" data-uid=\"b49d78fa-e5be-4605-ad3e-674e1d7b13bb\">\n<td style=\"height : 15pt ; width : 54.6201% ;\" role=\"gridcell\" height=\"20\">RUTSCH Jonas<\/td>\n<td class=\"xl64\" style=\"overflow : initial ; width : 16.6324% ;\" role=\"gridcell\">\n<div style=\"display : flex ; margin-right : 0px ; padding-bottom : 0px ; padding-top : 0px ;\">\n<div style=\"display : inline-block ;\"><\/div>\n<div style=\"margin-right : 0px ; padding-bottom : 0px ; padding-top : 0px ;\">GER<\/div>\n<\/div>\n<\/td>\n<td class=\"xl65\" style=\"overflow : initial ; width : 17.4538% ;\" role=\"gridcell\"><span style=\"float : left ;\">389.67<\/span><\/td>\n<\/tr>\n<tr style=\"height : 15.0pt ;\" role=\"row\" data-uid=\"g9998672-547b-4d8c-b140-225eab6a8b2a\">\n<td style=\"height : 15pt ; width : 54.6201% ;\" role=\"gridcell\" height=\"20\">ZIMMERMANN Georg<\/td>\n<td class=\"xl64\" style=\"overflow : initial ; width : 16.6324% ;\" role=\"gridcell\">\n<div style=\"display : flex ; margin-right : 0px ; padding-bottom : 0px ; padding-top : 0px ;\">\n<div style=\"display : inline-block ;\"><\/div>\n<div style=\"margin-right : 0px ; padding-bottom : 0px ; padding-top : 0px ;\">GER<\/div>\n<\/div>\n<\/td>\n<td class=\"xl65\" style=\"overflow : initial ; width : 17.4538% ;\" role=\"gridcell\" align=\"right\"><span style=\"float : left ;\">381<\/span><\/td>\n<\/tr>\n<tr style=\"height : 15.0pt ;\" role=\"row\" data-uid=\"if6e0c83-04bc-40e7-9eea-f9414020f2b5\">\n<td style=\"height : 15pt ; width : 54.6201% ;\" role=\"gridcell\" height=\"20\">THIJSSEN Gerben<\/td>\n<td class=\"xl64\" style=\"overflow : initial ; width : 16.6324% ;\" role=\"gridcell\">\n<div style=\"display : flex ; margin-right : 0px ; padding-bottom : 0px ; padding-top : 0px ;\">\n<div style=\"display : inline-block ;\"><\/div>\n<div style=\"margin-right : 0px ; padding-bottom : 0px ; padding-top : 0px ;\">BEL<\/div>\n<\/div>\n<\/td>\n<td class=\"xl65\" style=\"overflow : initial ; width : 17.4538% ;\" role=\"gridcell\" align=\"right\"><span style=\"float : left ;\">281<\/span><\/td>\n<\/tr>\n<tr style=\"height : 15.0pt ;\" role=\"row\" data-uid=\"g567d8e9-e183-4c1e-9a8d-3a0b8f457a93\">\n<td style=\"height : 15pt ; width : 54.6201% ;\" role=\"gridcell\" height=\"20\">BUSATTO Francesco<\/td>\n<td class=\"xl64\" style=\"overflow : initial ; width : 16.6324% ;\" role=\"gridcell\">\n<div style=\"display : flex ; margin-right : 0px ; padding-bottom : 0px ; padding-top : 0px ;\">\n<div style=\"display : inline-block ;\"><\/div>\n<div style=\"margin-right : 0px ; padding-bottom : 0px ; padding-top : 0px ;\">ITA<\/div>\n<\/div>\n<\/td>\n<td class=\"xl65\" style=\"overflow : initial ; width : 17.4538% ;\" role=\"gridcell\" align=\"right\"><span style=\"float : left ;\">271<\/span><\/td>\n<\/tr>\n<tr style=\"height : 15.0pt ;\" role=\"row\" data-uid=\"deef32c5-db8c-473c-bcdd-de391bf32231\">\n<td style=\"height : 15pt ; width : 54.6201% ;\" role=\"gridcell\" height=\"20\">PAGE Hugo<\/td>\n<td class=\"xl64\" style=\"overflow : initial ; width : 16.6324% ;\" role=\"gridcell\">\n<div style=\"display : flex ; margin-right : 0px ; padding-bottom : 0px ; padding-top : 0px ;\">\n<div style=\"display : inline-block ;\"><\/div>\n<div style=\"margin-right : 0px ; padding-bottom : 0px ; padding-top : 0px ;\">FRA<\/div>\n<\/div>\n<\/td>\n<td class=\"xl65\" style=\"overflow : initial ; width : 17.4538% ;\" role=\"gridcell\" align=\"right\"><span style=\"float : left ;\">200<\/span><\/td>\n<\/tr>\n<tr style=\"height : 15.0pt ;\" role=\"row\" data-uid=\"ef7c0511-bc3d-4dfb-a3dc-6a31ae560e96\">\n<td style=\"height : 15pt ; width : 54.6201% ;\" role=\"gridcell\" height=\"20\">MEINTJES Louis Du Bouisson<\/td>\n<td class=\"xl64\" style=\"overflow : initial ; width : 16.6324% ;\" role=\"gridcell\">\n<div style=\"display : flex ; margin-right : 0px ; padding-bottom : 0px ; padding-top : 0px ;\">\n<div style=\"display : inline-block ;\"><\/div>\n<div style=\"margin-right : 0px ; padding-bottom : 0px ; padding-top : 0px ;\">RSA<\/div>\n<\/div>\n<\/td>\n<td class=\"xl65\" style=\"overflow : initial ; width : 17.4538% ;\" role=\"gridcell\"><span style=\"float : left ;\">182.25<\/span><\/td>\n<\/tr>\n<tr style=\"height : 15.0pt ;\" role=\"row\" data-uid=\"d968f33b-1c7f-4ec6-8bff-54004a884aaf\">\n<td style=\"height : 15pt ; width : 54.6201% ;\" role=\"gridcell\" height=\"20\">ARTZ Huub<\/td>\n<td class=\"xl64\" style=\"overflow : initial ; width : 16.6324% ;\" role=\"gridcell\">\n<div style=\"display : flex ; margin-right : 0px ; padding-bottom : 0px ; padding-top : 0px ;\">\n<div style=\"display : inline-block ;\"><\/div>\n<div style=\"margin-right : 0px ; padding-bottom : 0px ; padding-top : 0px ;\">NED<\/div>\n<\/div>\n<\/td>\n<td class=\"xl65\" style=\"overflow : initial ; width : 17.4538% ;\" role=\"gridcell\"><span style=\"float : left ;\">173.25<\/span><\/td>\n<\/tr>\n<tr style=\"height : 15.0pt ;\" role=\"row\" data-uid=\"s4530d5b-6dd4-4700-8f7b-6eedf4c4636b\">\n<td style=\"height : 15pt ; width : 54.6201% ;\" role=\"gridcell\" height=\"20\">VAN BOVEN Luca<\/td>\n<td class=\"xl64\" style=\"overflow : initial ; width : 16.6324% ;\" role=\"gridcell\">\n<div style=\"display : flex ; margin-right : 0px ; padding-bottom : 0px ; padding-top : 0px ;\">\n<div style=\"display : inline-block ;\"><\/div>\n<div style=\"margin-right : 0px ; padding-bottom : 0px ; padding-top : 0px ;\">BEL<\/div>\n<\/div>\n<\/td>\n<td class=\"xl65\" style=\"overflow : initial ; width : 17.4538% ;\" role=\"gridcell\"><span style=\"float : left ;\">168.25<\/span><\/td>\n<\/tr>\n<tr style=\"height : 15.0pt ;\" role=\"row\" data-uid=\"b734e463-9154-4fc7-9022-5c0c288779f3\">\n<td style=\"height : 15pt ; width : 54.6201% ;\" role=\"gridcell\" height=\"20\">BRAET Vito<\/td>\n<td class=\"xl64\" style=\"overflow : initial ; width : 16.6324% ;\" role=\"gridcell\">\n<div style=\"display : flex ; margin-right : 0px ; padding-bottom : 0px ; padding-top : 0px ;\">\n<div style=\"display : inline-block ;\"><\/div>\n<div style=\"margin-right : 0px ; padding-bottom : 0px ; padding-top : 0px ;\">BEL<\/div>\n<\/div>\n<\/td>\n<td class=\"xl65\" style=\"overflow : initial ; width : 17.4538% ;\" role=\"gridcell\" align=\"right\"><span style=\"float : left ;\">158<\/span><\/td>\n<\/tr>\n<tr style=\"height : 15.0pt ;\" role=\"row\" data-uid=\"t513e025-0e4d-4da0-85ad-aebd55a3685e\">\n<td style=\"height : 15pt ; width : 54.6201% ;\" role=\"gridcell\" height=\"20\">SMITH Dion Allan<\/td>\n<td class=\"xl64\" style=\"overflow : initial ; width : 16.6324% ;\" role=\"gridcell\">\n<div style=\"display : flex ; margin-right : 0px ; padding-bottom : 0px ; padding-top : 0px ;\">\n<div style=\"display : inline-block ;\"><\/div>\n<div style=\"margin-right : 0px ; padding-bottom : 0px ; padding-top : 0px ;\">NZL<\/div>\n<\/div>\n<\/td>\n<td class=\"xl65\" style=\"overflow : initial ; width : 17.4538% ;\" role=\"gridcell\"><span style=\"float : left ;\">152.25<\/span><\/td>\n<\/tr>\n<tr style=\"height : 15.0pt ;\" role=\"row\" data-uid=\"r54e865c-3a70-4b92-ba91-ec8b57e53fb2\">\n<td style=\"height : 15pt ; width : 54.6201% ;\" role=\"gridcell\" height=\"20\">BONNEU Kamiel<\/td>\n<td class=\"xl64\" style=\"overflow : initial ; width : 16.6324% ;\" role=\"gridcell\">\n<div style=\"display : flex ; margin-right : 0px ; padding-bottom : 0px ; padding-top : 0px ;\">\n<div style=\"display : inline-block ;\"><\/div>\n<div style=\"margin-right : 0px ; padding-bottom : 0px ; padding-top : 0px ;\">BEL<\/div>\n<\/div>\n<\/td>\n<td class=\"xl65\" style=\"overflow : initial ; width : 17.4538% ;\" role=\"gridcell\"><span style=\"float : left ;\">95.25<\/span><\/td>\n<\/tr>\n<tr style=\"height : 15.0pt ;\" role=\"row\" data-uid=\"p52e3df1-bd62-46e3-99d3-ab7623ef188f\">\n<td style=\"height : 15pt ; width : 54.6201% ;\" role=\"gridcell\" height=\"20\">DE POOTER Dries<\/td>\n<td class=\"xl64\" style=\"overflow : initial ; width : 16.6324% ;\" role=\"gridcell\">\n<div style=\"display : flex ; margin-right : 0px ; padding-bottom : 0px ; padding-top : 0px ;\">\n<div style=\"display : inline-block ;\"><\/div>\n<div style=\"margin-right : 0px ; padding-bottom : 0px ; padding-top : 0px ;\">BEL<\/div>\n<\/div>\n<\/td>\n<td class=\"xl65\" style=\"overflow : initial ; width : 17.4538% ;\" role=\"gridcell\"><span style=\"float : left ;\">94.25<\/span><\/td>\n<\/tr>\n<tr style=\"height : 15.0pt ;\" role=\"row\" data-uid=\"w38fc99e-b34a-425d-ac4d-6e272793b9d9\">\n<td style=\"height : 15pt ; width : 54.6201% ;\" role=\"gridcell\" height=\"20\">ROTA Lorenzo<\/td>\n<td class=\"xl66\" style=\"overflow : initial ; width : 16.6324% ;\" role=\"gridcell\">\n<div style=\"display : flex ; margin-right : 0px ; padding-bottom : 0px ; padding-top : 0px ;\">\n<div style=\"display : inline-block ;\"><\/div>\n<div style=\"margin-right : 0px ; padding-bottom : 0px ; padding-top : 0px ;\">ITA<\/div>\n<\/div>\n<\/td>\n<td class=\"xl67\" style=\"overflow : initial ; width : 17.4538% ;\" role=\"gridcell\" align=\"right\"><span style=\"float : left ;\">92<\/span><\/td>\n<\/tr>\n<tr style=\"height : 15.0pt ;\" role=\"row\" data-uid=\"zd98d6cd-513d-4642-9c47-c65e382f6f6d\">\n<td style=\"height : 15pt ; width : 54.6201% ;\" role=\"gridcell\" height=\"20\">KAMP Alexander<\/td>\n<td class=\"xl64\" style=\"overflow : initial ; width : 16.6324% ;\" role=\"gridcell\">\n<div style=\"display : flex ; margin-right : 0px ; padding-bottom : 0px ; padding-top : 0px ;\">\n<div style=\"display : inline-block ;\"><\/div>\n<div style=\"margin-right : 0px ; padding-bottom : 0px ; padding-top : 0px ;\">DEN<\/div>\n<\/div>\n<\/td>\n<td class=\"xl65\" style=\"overflow : initial ; width : 17.4538% ;\" role=\"gridcell\" align=\"right\"><span style=\"float : left ;\">79<\/span><\/td>\n<\/tr>\n<tr style=\"height : 15.0pt ;\" role=\"row\" data-uid=\"wb75d473-b821-4093-9ce0-c9df37ea3e5c\">\n<td style=\"height : 15pt ; width : 54.6201% ;\" role=\"gridcell\" height=\"20\">VAN DER HOORN Taco<\/td>\n<td class=\"xl64\" style=\"overflow : initial ; width : 16.6324% ;\" role=\"gridcell\">\n<div style=\"display : flex ; margin-right : 0px ; padding-bottom : 0px ; padding-top : 0px ;\">\n<div style=\"display : inline-block ;\"><\/div>\n<div style=\"margin-right : 0px ; padding-bottom : 0px ; padding-top : 0px ;\">NED<\/div>\n<\/div>\n<\/td>\n<td class=\"xl65\" style=\"overflow : initial ; width : 17.4538% ;\" role=\"gridcell\" align=\"right\"><span style=\"float : left ;\">50<\/span><\/td>\n<\/tr>\n<tr style=\"height : 14.4pt ;\" role=\"row\" data-uid=\"u2776400-5c06-4e70-b1a9-2271df020339\">\n<td style=\"height : 14.4pt ; width : 54.6201% ;\" role=\"gridcell\" height=\"19\">GOOSSENS Kobe<\/td>\n<td class=\"xl68\" style=\"overflow : initial ; width : 16.6324% ;\" role=\"gridcell\">\n<div style=\"display : flex ; margin-right : 0px ; padding-bottom : 0px ; padding-top : 0px ;\">\n<div style=\"display : inline-block ;\"><\/div>\n<div style=\"margin-right : 0px ; padding-bottom : 0px ; padding-top : 0px ;\">BEL<\/div>\n<\/div>\n<\/td>\n<td class=\"xl69\" style=\"overflow : initial ; width : 17.4538% ;\" role=\"gridcell\" align=\"right\"><span style=\"float : left ;\">45<\/span><\/td>\n<\/tr>\n<\/tbody>\n<\/tableau>\n<h2>Moment le plus fort<\/h2>\n<p>Dans une saison qui n&rsquo;a pas \u00e9t\u00e9 particuli\u00e8rement brillante, le succ\u00e8s de <strong>Georg Zimmermann<\/strong> au classement g\u00e9n\u00e9ral d&rsquo;Il Giro d&rsquo;Abruzzo 2025 repr\u00e9sente le moment le plus marquant pour l&rsquo;\u00e9quipe belge. Le champion national allemand a termin\u00e9 deuxi\u00e8me de la troisi\u00e8me \u00e9tape avec l&rsquo;arriv\u00e9e en mont\u00e9e \u00e0 Roccaraso, o\u00f9 il s&rsquo;est empar\u00e9 du maillot de leader et l&rsquo;a d\u00e9fendu jusqu&rsquo;au dernier jour, scellant ainsi le premier succ\u00e8s de sa carri\u00e8re dans une course par \u00e9tapes.  Un r\u00e9sultat rendu possible gr\u00e2ce \u00e0 l&rsquo;excellent travail de ses co\u00e9quipiers, qui ont su contr\u00f4ler la course dans les \u00e9tapes d\u00e9cisives.<\/p>\n","protected":false},"excerpt":{"rendered":"<p>La saison 2025 de l&rsquo;Intermarch\u00e9-Wanty n&rsquo;a pas \u00e9t\u00e9 \u00e0 la hauteur des esp\u00e9rances. La formation belge, tout juste aur\u00e9ol\u00e9e des bons r\u00e9sultats de l&rsquo;ann\u00e9e derni\u00e8re, principalement dus au grand Tour de France de Biniam Girmay, avait entam\u00e9 la nouvelle ann\u00e9e avec de grandes ambitions, mais n&rsquo;a pas r\u00e9ussi \u00e0 confirmer les brillantes performances de ces &hellip;<\/p>\n","protected":false},"author":20,"featured_media":162313,"comment_status":"open","ping_status":"open","sticky":false,"template":"","format":"standard","meta":{"footnotes":""},"categories":[3],"tags":[],"class_list":["post-162314","post","type-post","status-publish","format-standard","has-post-thumbnail","hentry","category-autre"],"_links":{"self":[{"href":"https:\/\/cyclingpro.net\/velopro\/wp-json\/wp\/v2\/posts\/162314","targetHints":{"allow":["GET"]}}],"collection":[{"href":"https:\/\/cyclingpro.net\/velopro\/wp-json\/wp\/v2\/posts"}],"about":[{"href":"https:\/\/cyclingpro.net\/velopro\/wp-json\/wp\/v2\/types\/post"}],"author":[{"embeddable":true,"href":"https:\/\/cyclingpro.net\/velopro\/wp-json\/wp\/v2\/users\/20"}],"replies":[{"embeddable":true,"href":"https:\/\/cyclingpro.net\/velopro\/wp-json\/wp\/v2\/comments?post=162314"}],"version-history":[{"count":0,"href":"https:\/\/cyclingpro.net\/velopro\/wp-json\/wp\/v2\/posts\/162314\/revisions"}],"wp:featuredmedia":[{"embeddable":true,"href":"https:\/\/cyclingpro.net\/velopro\/wp-json\/wp\/v2\/media\/162313"}],"wp:attachment":[{"href":"https:\/\/cyclingpro.net\/velopro\/wp-json\/wp\/v2\/media?parent=162314"}],"wp:term":[{"taxonomy":"category","embeddable":true,"href":"https:\/\/cyclingpro.net\/velopro\/wp-json\/wp\/v2\/categories?post=162314"},{"taxonomy":"post_tag","embeddable":true,"href":"https:\/\/cyclingpro.net\/velopro\/wp-json\/wp\/v2\/tags?post=162314"}],"curies":[{"name":"wp","href":"https:\/\/api.w.org\/{rel}","templated":true}]}}