{"id":162312,"date":"2025-11-11T19:57:59","date_gmt":"2025-11-11T18:57:59","guid":{"rendered":"https:\/\/cyclingpro.net\/velopro\/uncategorized\/transferts-2026-capello-victor-guernalec-vas\/"},"modified":"2025-11-11T19:57:59","modified_gmt":"2025-11-11T18:57:59","slug":"transferts-2026-capello-victor-guernalec-vas","status":"publish","type":"post","link":"https:\/\/cyclingpro.net\/velopro\/autre\/transferts-2026-capello-victor-guernalec-vas\/","title":{"rendered":"Transferts 2026 : Capello, Victor Guernalec, Vas"},"content":{"rendered":"<p>Encore quelques nouvelles dans le <strong>Transferts 2026<\/strong>, notamment en ce qui concerne les \u00e9quipes continentales. Le mouvement le plus int\u00e9ressant concerne <a href=\"https:\/\/cyclingpro.net\/spaziociclismo\/sintesi-gare\/europei-drome-ardeche-2025-roberto-capello-sfiora-limpresa-solitaria-tra-gli-juniores-2-alle-spalle-del-tedesco-karl-herzog\/\" target=\"_blank\" rel=\"noopener\"><strong>Roberto Capell<\/strong><strong>o<\/strong><\/a>, qui a remport\u00e9 cette ann\u00e9e la m\u00e9daille d&rsquo;argent aux <strong>Europ\u00e9ennes Dr\u00f4me-Ard\u00e8che 2025<\/strong> dans la cat\u00e9gorie junior. Le jeune talent italien a en effet sign\u00e9 un contrat avec l&rsquo;<strong>EF Education-Aevolo<\/strong>, le d\u00e9veloppement de l&rsquo;<strong>EF Education-EasyPost<\/strong> : dans le communiqu\u00e9 de presse publi\u00e9 par l&rsquo;\u00e9quipe, il est question d&rsquo;un accord \u00a0\u00bb pluriannuel \u00a0\u00bb qui d\u00e9butera en 2026. Il s&rsquo;agit d&rsquo;une \u00e9tape importante dans la croissance du coureur d&rsquo;Asti, qui l&rsquo;ann\u00e9e prochaine fera ses d\u00e9buts dans la cat\u00e9gorie des moins de 23 ans et tentera de mieux comprendre sur quel terrain il pourrait se sp\u00e9cialiser dans sa transition vers le professionnalisme, pr\u00e9vue pour les saisons suivantes.<\/p>\n<p>\u00ab\u00a0Il est difficile de dire quel type de coureur je serai\u00a0\u00bb, a expliqu\u00e9 le coureur n\u00e9 en 2007, \u00ab\u00a0parce que je pense que je suis bon sur les efforts longs et que cela convient \u00e0 diff\u00e9rents types de courses. Je ne suis certainement pas un sprinter parce que je n&rsquo;ai pas de vitesse de pointe, mais quand il s&rsquo;agit de s&rsquo;\u00e9chapper ou d&rsquo;aller fort dans les longues ascensions, je pense que je peux devenir un coureur fort. Je ne peux pas dire que je suis bon sur tous les terrains, mais je pense que je peux \u00eatre performant dans diff\u00e9rents types de courses. \u00c0 l&rsquo;avenir, je pense que je peux r\u00e9ussir dans les longues mont\u00e9es. Il n&rsquo;y en a pas beaucoup dans les courses juniors, mais j&rsquo;esp\u00e8re pouvoir montrer mes comp\u00e9tences dans les courses pour les moins de 23 ans.<\/p>\n<p class=\"ef-text-para -light -no-max-width\">En parlant d&rsquo;autres <strong>CicloMercato 2026<\/strong> officiels, <strong>United Shipping<\/strong> a annonc\u00e9 plus t\u00f4t dans la journ\u00e9e l&rsquo;arriv\u00e9e de <strong>Barnab\u00e1s Vas<\/strong>, un coureur hongrois qui arrive de <strong>MBH Bank Ballan CSB<\/strong>. Champion hongrois de cyclo-cross en 2006, il a d\u00e9j\u00e0 confirm\u00e9 que le cyclo-cross resterait l&rsquo;un de ses principaux objectifs, \u00e0 commencer par les Championnats du monde de 2026. En tout cas, cette nouvelle aventure lui permettra de s&rsquo;\u00e9panouir \u00e9galement sur la route.<\/p>\n<p style=\"text-align : justify ;\">Colostrong>.<br \/>\nDe son c\u00f4t\u00e9, <strong>Victor Guernalec<\/strong>, qui s&rsquo;est retrouv\u00e9 sans contrat apr\u00e8s la fermeture des <strong>Arkea B&amp;B Hotels<\/strong>, descend de cat\u00e9gorie. Le Fran\u00e7ais a trouv\u00e9 un logement pour 2026 au <strong>CIC U Nantes<\/strong>, une formation continentale fran\u00e7aise o\u00f9 il esp\u00e8re se relancer pour tenter d&rsquo;entamer un nouveau chapitre de sa carri\u00e8re. <a href=\"https:\/\/www.ouest-france.fr\/sport\/cyclisme\/uc-nantes-atlantique\/cyclisme-enormement-de-monde-au-meme-moment-sur-le-marche-victor-guernalec-ex-arkea-rebondit-au-cic-u-nantes-d269474a-bbc0-11f0-9782-2e849b0bafb0\" target=\"_blank\" rel=\"noopener\">Comme le rapporte <em>Ouest-France<\/em><\/a>, le joueur de 25 ans a sign\u00e9 un contrat d&rsquo;un an.<\/p>\n","protected":false},"excerpt":{"rendered":"<p>Encore quelques nouvelles dans le Transferts 2026, notamment en ce qui concerne les \u00e9quipes continentales. Le mouvement le plus int\u00e9ressant concerne Roberto Capello, qui a remport\u00e9 cette ann\u00e9e la m\u00e9daille d&rsquo;argent aux Europ\u00e9ennes Dr\u00f4me-Ard\u00e8che 2025 dans la cat\u00e9gorie junior. Le jeune talent italien a en effet sign\u00e9 un contrat avec l&rsquo;EF Education-Aevolo, le d\u00e9veloppement de &hellip;<\/p>\n","protected":false},"author":20,"featured_media":162311,"comment_status":"open","ping_status":"open","sticky":false,"template":"","format":"standard","meta":{"footnotes":""},"categories":[3],"tags":[],"class_list":["post-162312","post","type-post","status-publish","format-standard","has-post-thumbnail","hentry","category-autre"],"_links":{"self":[{"href":"https:\/\/cyclingpro.net\/velopro\/wp-json\/wp\/v2\/posts\/162312","targetHints":{"allow":["GET"]}}],"collection":[{"href":"https:\/\/cyclingpro.net\/velopro\/wp-json\/wp\/v2\/posts"}],"about":[{"href":"https:\/\/cyclingpro.net\/velopro\/wp-json\/wp\/v2\/types\/post"}],"author":[{"embeddable":true,"href":"https:\/\/cyclingpro.net\/velopro\/wp-json\/wp\/v2\/users\/20"}],"replies":[{"embeddable":true,"href":"https:\/\/cyclingpro.net\/velopro\/wp-json\/wp\/v2\/comments?post=162312"}],"version-history":[{"count":0,"href":"https:\/\/cyclingpro.net\/velopro\/wp-json\/wp\/v2\/posts\/162312\/revisions"}],"wp:featuredmedia":[{"embeddable":true,"href":"https:\/\/cyclingpro.net\/velopro\/wp-json\/wp\/v2\/media\/162311"}],"wp:attachment":[{"href":"https:\/\/cyclingpro.net\/velopro\/wp-json\/wp\/v2\/media?parent=162312"}],"wp:term":[{"taxonomy":"category","embeddable":true,"href":"https:\/\/cyclingpro.net\/velopro\/wp-json\/wp\/v2\/categories?post=162312"},{"taxonomy":"post_tag","embeddable":true,"href":"https:\/\/cyclingpro.net\/velopro\/wp-json\/wp\/v2\/tags?post=162312"}],"curies":[{"name":"wp","href":"https:\/\/api.w.org\/{rel}","templated":true}]}}